{"id":167676,"date":"2023-08-21T01:14:01","date_gmt":"2023-08-20T23:14:01","guid":{"rendered":"https:\/\/www.stuwo.at\/?p=167676"},"modified":"2026-04-20T23:30:38","modified_gmt":"2026-04-20T21:30:38","slug":"art-mile-krems","status":"publish","type":"post","link":"https:\/\/www.stuwo.at\/en\/blog\/art-mile-krems\/","title":{"rendered":"Kunstmeile Krems: Discover unforgettable museums at the art mile in Krems"},"content":{"rendered":"<div id='av-layout-grid-1'  class='av-layout-grid-container av-78firl-c631ae41a668636fcb7900020bc361a5 entry-content-wrapper main_color av-flex-cells av-break-at-tablet  avia-builder-el-0  el_before_av_section  avia-builder-el-first   container_wrap sidebar_right'  >\n\n<style type=\"text\/css\" data-created_by=\"avia_inline_auto\" id=\"style-css-av-6bd3tt-ea46c9c1f44976fec38da2e64a509650\">\n.flex_cell.av-6bd3tt-ea46c9c1f44976fec38da2e64a509650{\nvertical-align:top;\nbackground:url(https:\/\/www.stuwo.at\/wp-content\/uploads\/2023\/08\/Atmo-donaufestival-scaled.jpg) 50% 50% no-repeat scroll ;\n}\n.responsive #top #wrap_all .flex_cell.av-6bd3tt-ea46c9c1f44976fec38da2e64a509650{\npadding:30px 30px 30px 30px !important;\n}\n<\/style>\n<div class='flex_cell av-6bd3tt-ea46c9c1f44976fec38da2e64a509650 av-gridrow-cell av_one_half no_margin  avia-builder-el-1  el_before_av_cell_one_half  avia-builder-el-first  avia-full-stretch'  ><div class='flex_cell_inner'><\/div><\/div>\n<style type=\"text\/css\" data-created_by=\"avia_inline_auto\" id=\"style-css-av-dyhr5-99927f5945708bf13e84cb9abee7d045\">\n.flex_cell.av-dyhr5-99927f5945708bf13e84cb9abee7d045{\nvertical-align:top;\n}\n.responsive #top #wrap_all .flex_cell.av-dyhr5-99927f5945708bf13e84cb9abee7d045{\npadding:30px 30px 30px 30px !important;\n}\n<\/style>\n<div class='flex_cell av-dyhr5-99927f5945708bf13e84cb9abee7d045 av-gridrow-cell av_one_half no_margin  avia-builder-el-2  el_after_av_cell_one_half  avia-builder-el-last '  ><div class='flex_cell_inner'><p>\n<style type=\"text\/css\" data-created_by=\"avia_inline_auto\" id=\"style-css-av-jtogly79-ad57aec588c41c3e6e0fd3a450386ad1\">\n#top .hr.hr-invisible.av-jtogly79-ad57aec588c41c3e6e0fd3a450386ad1{\nheight:5px;\n}\n<\/style>\n<div  class='hr av-jtogly79-ad57aec588c41c3e6e0fd3a450386ad1 hr-invisible  avia-builder-el-3  el_before_av_one_full  avia-builder-el-first '><span class='hr-inner '><span class=\"hr-inner-style\"><\/span><\/span><\/div><br \/>\n\n<style type=\"text\/css\" data-created_by=\"avia_inline_auto\" id=\"style-css-av-ph1ql-0bde9899ca3654ce47963f3c861d7c61\">\n.flex_column.av-ph1ql-0bde9899ca3654ce47963f3c861d7c61{\nborder-radius:0px 0px 0px 0px;\npadding:0px 0px 0px 0px;\n}\n<\/style>\n<div  class='flex_column av-ph1ql-0bde9899ca3654ce47963f3c861d7c61 av_one_full  avia-builder-el-4  el_after_av_hr  el_before_av_one_full  first flex_column_div av-zero-column-padding  '     ><p>\n<style type=\"text\/css\" data-created_by=\"avia_inline_auto\" id=\"style-css-av-otb1vv-1f52397c52a2423e5ba2b9402cc7b30e\">\n#top .av-special-heading.av-otb1vv-1f52397c52a2423e5ba2b9402cc7b30e{\npadding-bottom:0;\n}\nbody .av-special-heading.av-otb1vv-1f52397c52a2423e5ba2b9402cc7b30e .av-special-heading-tag .heading-char{\nfont-size:25px;\n}\n.av-special-heading.av-otb1vv-1f52397c52a2423e5ba2b9402cc7b30e .av-subheading{\nfont-size:15px;\n}\n<\/style>\n<div  class='av-special-heading av-otb1vv-1f52397c52a2423e5ba2b9402cc7b30e av-special-heading-h1 blockquote modern-quote  avia-builder-el-5  el_before_av_hr  avia-builder-el-first '><h1 class='av-special-heading-tag '  itemprop=\"headline\"  >Kunstmeile Krems: Discover unforgettable museums at the art mile in Krems<\/h1><div class=\"special-heading-border\"><div class=\"special-heading-inner-border\"><\/div><\/div><\/div><br \/>\n\n<style type=\"text\/css\" data-created_by=\"avia_inline_auto\" id=\"style-css-av-jtogly79-50-782b3f1d2928766bd9eaa85ca8348e50\">\n#top .hr.hr-invisible.av-jtogly79-50-782b3f1d2928766bd9eaa85ca8348e50{\nheight:5px;\n}\n<\/style>\n<div  class='hr av-jtogly79-50-782b3f1d2928766bd9eaa85ca8348e50 hr-invisible  avia-builder-el-6  el_after_av_heading  el_before_av_textblock '><span class='hr-inner '><span class=\"hr-inner-style\"><\/span><\/span><\/div><br \/>\n<section  class='av_textblock_section av-k88jl1h5-32ec20254f4185b50f1628756111155c '   itemscope=\"itemscope\" itemtype=\"https:\/\/schema.org\/BlogPosting\" itemprop=\"blogPost\" ><div class='avia_textblock'  itemprop=\"text\" ><p>Written by: <strong>Martin H\u00f6gerl, 11.08.2023<br \/>\n<\/strong><\/p>\n<\/div><\/section><\/p><\/div><div class='flex_column_table av-bbw9h-e9ea24d4a9970947ae9a10c1728f5755 sc-av_one_full av-break-at-tablet-flextable av-equal-height-column-flextable'>\n<style type=\"text\/css\" data-created_by=\"avia_inline_auto\" id=\"style-css-av-bbw9h-e9ea24d4a9970947ae9a10c1728f5755\">\n#top .flex_column_table.av-equal-height-column-flextable.av-bbw9h-e9ea24d4a9970947ae9a10c1728f5755{\nmargin-top:15px;\nmargin-bottom:0px;\n}\n.flex_column.av-bbw9h-e9ea24d4a9970947ae9a10c1728f5755{\nborder-radius:0px 0px 0px 0px;\npadding:0px 0px 0px 0px;\n}\n<\/style>\n<div  class='flex_column av-bbw9h-e9ea24d4a9970947ae9a10c1728f5755 av_one_full  avia-builder-el-8  el_after_av_one_full  el_before_av_hr  first av-break-at-tablet flex_column_table_cell av-equal-height-column av-align-top av-zero-column-padding  column-top-margin'     ><p>\n<style type=\"text\/css\" data-created_by=\"avia_inline_auto\" id=\"style-css-av-jtogly79-49-804132cdd97343d2484e72b7f27922a2\">\n#top .hr.hr-invisible.av-jtogly79-49-804132cdd97343d2484e72b7f27922a2{\nheight:10px;\n}\n<\/style>\n<div  class='hr av-jtogly79-49-804132cdd97343d2484e72b7f27922a2 hr-invisible  avia-builder-el-9  el_before_av_textblock  avia-builder-el-first '><span class='hr-inner '><span class=\"hr-inner-style\"><\/span><\/span><\/div><br \/>\n<section  class='av_textblock_section av-jtjtmedc-60e184750e6b45c708cf141ffed4fcc9 '   itemscope=\"itemscope\" itemtype=\"https:\/\/schema.org\/BlogPosting\" itemprop=\"blogPost\" ><div class='avia_textblock'  itemprop=\"text\" ><p>Whether as a cool-down on hot summer days, as an alternative program to a rainy summer vacation or as a highlight of a culture trip, the Kunstmeile Krems offers a wide-ranging and incredibly inspiring cultural program for every weather and every interest!<\/p>\n<p>Art inspires, opens new perspectives and shares many stories. You can now experience all of this for yourself in the <strong>UNESCO World Cultural City of Krems<\/strong>. The Art Mile Krems invites all visitors to dive into the fascinating world of art and be inspired by a variety of expressions. The 1.6 km long route, which leads from Minoritenplatz to Museumsplatz Krems and all the way to Dominikanerplatz, includes several important institutions such as the State Gallery Lower Austria, the Caricature Museum Krems and the Kunsthalle Krems, which combine art, history and innovation. The Art Mile is divided into three areas, the Museumsplatz (Museum Square), the Minoritenplatz and the Dominikanerplatz.<\/p>\n<\/div><\/section><br \/>\n<section  class='av_textblock_section av-lzcjzsys-01d3f605b8b99e0521b45c89e95d293a '   itemscope=\"itemscope\" itemtype=\"https:\/\/schema.org\/BlogPosting\" itemprop=\"blogPost\" ><div class='avia_textblock'  itemprop=\"text\" ><p><strong>Table of Contents:<\/strong><\/p>\n<ul>\n<li style=\"font-weight: 400;\"><a href=\"#Museumsplatz Krems: 5 Museums worth seeing in one place\">Museumsplatz Krems: 5 Museums worth seeing in one place<\/a><\/li>\n<li style=\"font-weight: 400;\"><a href=\"#Dominikanerplatz Krems: Art at the Dominikanerkloster\">Dominikanerplatz Krems: Art at the Dominikanerkloster<\/a><\/li>\n<li style=\"font-weight: 400;\"><a href=\"#Minoritenplatz Krems: The sound room in the Minorite Church\">Minoritenplatz Krems: The sound room in the Minorite Church<\/a><\/li>\n<\/ul>\n<\/div><\/section><br \/>\n\n<style type=\"text\/css\" data-created_by=\"avia_inline_auto\" id=\"style-css-av-jtogly79-48-f588bb04a22a36e69c977710c45e7cf7\">\n#top .hr.hr-invisible.av-jtogly79-48-f588bb04a22a36e69c977710c45e7cf7{\nheight:5px;\n}\n<\/style>\n<div  class='hr av-jtogly79-48-f588bb04a22a36e69c977710c45e7cf7 hr-invisible  avia-builder-el-12  el_after_av_textblock  avia-builder-el-last '><span class='hr-inner '><span class=\"hr-inner-style\"><\/span><\/span><\/div><\/p><\/div><\/div><!--close column table wrapper. Autoclose: 1 -->\n<style type=\"text\/css\" data-created_by=\"avia_inline_auto\" id=\"style-css-av-jtogly79-47-77e72a1885980c376468f8cf453fb97e\">\n#top .hr.hr-invisible.av-jtogly79-47-77e72a1885980c376468f8cf453fb97e{\nheight:5px;\n}\n<\/style>\n<div  class='hr av-jtogly79-47-77e72a1885980c376468f8cf453fb97e hr-invisible  avia-builder-el-13  el_after_av_one_full  avia-builder-el-last '><span class='hr-inner '><span class=\"hr-inner-style\"><\/span><\/span><\/div><\/p>\n<\/div><\/div>\n<\/div>\n<div id='av_section_1'  class='avia-section av-73734u-e654b2f47cc625f39101c2a047ce5327 main_color avia-section-default avia-shadow  avia-builder-el-14  el_after_av_layout_row  el_before_av_section  avia-bg-style-scroll container_wrap sidebar_right'  ><div class='container av-section-cont-open' ><div class='template-page content  av-content-small alpha units'><div class='post-entry post-entry-type-page post-entry-167676'><div class='entry-content-wrapper clearfix'>\n<section  class='av_textblock_section av-60022e-3056b2e5cc65feac7318f4cf52b2daee '   itemscope=\"itemscope\" itemtype=\"https:\/\/schema.org\/BlogPosting\" itemprop=\"blogPost\" ><div class='avia_textblock'  itemprop=\"text\" ><h2 id=\"Museumsplatz Krems: 5 Museums worth seeing in one place\">Museumsplatz Krems: 5 Museums worth seeing in one place<\/h2>\n<p style=\"font-weight: 400;\">At the Museumsplatz in Krems, you will find <strong>24 new exhibitions in five central museums.<\/strong><br \/>\nWhich museums in Krems should you visit? Which places offer extraordinary experiences? Since the offer is so incredibly extensive, we will give you a small overview of everything the Museum Square of Krems has to offer!<\/p>\n<\/div><\/section>\n<div  class='hr av-h31gxds-1312b872f34666ff42d75e34ab2ce98a hr-short  avia-builder-el-16  el_after_av_textblock  el_before_av_textblock  hr-left'><span class='hr-inner '><span class=\"hr-inner-style\"><\/span><\/span><\/div>\n<section  class='av_textblock_section av-lj5ypija-0fa9cedf01cd0890df7d672065a52fc3 '   itemscope=\"itemscope\" itemtype=\"https:\/\/schema.org\/BlogPosting\" itemprop=\"blogPost\" ><div class='avia_textblock'  itemprop=\"text\" ><h3>Kremser Kunsthalle<\/h3>\n<p>The Kunsthalle Krems is an absolute highlight of the Art Mile. As an international exhibition house, the focus is on contemporary art. In addition, the Kunsthalle offers a platform for young, up-and-coming artists in particular. Changing exhibitions of national and international artists ensure that there is always something new to discover here and the diversity of the works is particularly inspiring, as everything from painting to installations is represented.<\/p>\n<\/div><\/section>\n<div  class='hr av-drjw3pc-e161ffa07fc4254d8da674f23be83e47 hr-short  avia-builder-el-18  el_after_av_textblock  el_before_av_textblock  hr-left'><span class='hr-inner '><span class=\"hr-inner-style\"><\/span><\/span><\/div>\n<section  class='av_textblock_section av-lj5yqad5-56a829c79e3ead83989a6ad5c255c611 '   itemscope=\"itemscope\" itemtype=\"https:\/\/schema.org\/BlogPosting\" itemprop=\"blogPost\" ><div class='avia_textblock'  itemprop=\"text\" ><h3 style=\"font-weight: 400;\">State Gallery Lower Austria<\/h3>\n<p style=\"font-weight: 400;\">The <a href=\"https:\/\/www.lgnoe.at\/en?set_language=en\" target=\"_blank\" rel=\"noopener\">State Gallery Lower Austria<\/a> captivates you not only with its extraordinary architecture, but also with the approximately 100,000 objects in its art collection. The focus is on art from the 19th century to contemporary creation. Painting, sculpture, drawing, prints, photography, media art as well as installations and textile art are represented here.<\/p>\n<p style=\"font-weight: 400;\">From a baroque altar panel by Martin Johann Schmidt to a painting by Franziska Maderthaner from 2021, the last 250 years of the Austrian art scene can be experienced in an impressive way. Other artists represented include Egon Schiele, Maria Lassnig, Ervin Wurm and Renate Bertlmann.<\/p>\n<p style=\"font-weight: 400;\">The gallery would like to offer a platform to Austrian artists in particular and therefore also exhibits works by many smaller Austrian artists.<\/p>\n<p style=\"font-weight: 400;\">For those seeking inspiration in modern art, we recommend the exhibition &#8220;Dreamcatcher&#8221; by Angela Glajcar, a former sculptor, who expresses herself mainly with the fragile material paper and has also created a spatial installation full of poetry in Krems. You should definitely check it out!<\/p>\n<\/div><\/section>\n<div  class='hr av-ei29yf4-5af0d3a406a53d686bac4359d8e7e204 hr-short  avia-builder-el-20  el_after_av_textblock  el_before_av_textblock  hr-left'><span class='hr-inner '><span class=\"hr-inner-style\"><\/span><\/span><\/div>\n<section  class='av_textblock_section av-lj5z091u-da22e9fa77418fd6198825359f059c11 '   itemscope=\"itemscope\" itemtype=\"https:\/\/schema.org\/BlogPosting\" itemprop=\"blogPost\" ><div class='avia_textblock'  itemprop=\"text\" ><h3 style=\"font-weight: 400;\">Forum Frohner<\/h3>\n<p style=\"font-weight: 400;\">The <a href=\"https:\/\/www.forum-frohner.at\/en\" target=\"_blank\" rel=\"noopener\">Forum Frohner<\/a> offers space for the critical examination of socially relevant topics. It was dedicated to Adolf Frohner and the exhibition platform operators have followed the artist&#8217;s wishes and created a place of encounter here.<\/p>\n<p style=\"font-weight: 400;\">Currently, the forum offers a home to the exhibition &#8220;Oberhuber meets Frohner&#8221;. This juxtaposes Oswald Oberhuber and Adolf Frohner, very different artists from the same generation. Classical modernism against the discarding of all formalities, the human figure as the focal point against permanent change. An exciting encounter!<\/p>\n<\/div><\/section>\n<div  class='hr av-58jyl8g-a6d5baeca92405e638b4b3cab9d8b466 hr-short  avia-builder-el-22  el_after_av_textblock  el_before_av_one_half  hr-left'><span class='hr-inner '><span class=\"hr-inner-style\"><\/span><\/span><\/div>\n<div class='flex_column_table av-2g99i-e0e275a464f5ebe3a043892ff33dfd7a sc-av_one_half av-equal-height-column-flextable'>\n<style type=\"text\/css\" data-created_by=\"avia_inline_auto\" id=\"style-css-av-2g99i-e0e275a464f5ebe3a043892ff33dfd7a\">\n.flex_column.av-2g99i-e0e275a464f5ebe3a043892ff33dfd7a{\nborder-radius:0px 0px 0px 0px;\npadding:0px 0px 30px 0px;\n}\n<\/style>\n<div  class='flex_column av-2g99i-e0e275a464f5ebe3a043892ff33dfd7a av_one_half  avia-builder-el-23  el_after_av_hr  el_before_av_one_half  first flex_column_table_cell av-equal-height-column av-align-middle  '     ><div  class='av-hotspot-image-container av-jvm2hprd-108a503c38afd3c2a742cbe2d4a155a7  avia-builder-el-24  avia-builder-el-no-sibling  av-small-hide av-mini-hide av-hotspot-numbered av-mobile-fallback-active  av-non-fullwidth-hotspot-image'  itemprop=\"image\" itemscope=\"itemscope\" itemtype=\"https:\/\/schema.org\/ImageObject\" ><div class='av-hotspot-container'><div class='av-hotspot-container-inner-cell'><div class='av-hotspot-container-inner-wrap'><img decoding=\"async\" fetchpriority=\"high\" class='wp-image-167623 avia-img-lazy-loading-not-167623 avia_image' src=\"https:\/\/www.stuwo.at\/wp-content\/uploads\/2023\/08\/Bruno-Haberzettl-Alf-der-Ybbser-Spassvogel-\u2026-2008-c-Bruno-Haberzettl_Landessammlungen-NOe.jpg\" alt='' title='Bruno Haberzettl, Alf, der Ybbser Spa\u00dfvogel \u2026, 2008 (c) Bruno Haberzettl_Landessammlungen N\u00d6'  height=\"2000\" width=\"1570\"  itemprop=\"thumbnailUrl\" srcset=\"https:\/\/www.stuwo.at\/wp-content\/uploads\/2023\/08\/Bruno-Haberzettl-Alf-der-Ybbser-Spassvogel-\u2026-2008-c-Bruno-Haberzettl_Landessammlungen-NOe.jpg 1570w, https:\/\/www.stuwo.at\/wp-content\/uploads\/2023\/08\/Bruno-Haberzettl-Alf-der-Ybbser-Spassvogel-\u2026-2008-c-Bruno-Haberzettl_Landessammlungen-NOe-236x300.jpg 236w, https:\/\/www.stuwo.at\/wp-content\/uploads\/2023\/08\/Bruno-Haberzettl-Alf-der-Ybbser-Spassvogel-\u2026-2008-c-Bruno-Haberzettl_Landessammlungen-NOe-809x1030.jpg 809w, https:\/\/www.stuwo.at\/wp-content\/uploads\/2023\/08\/Bruno-Haberzettl-Alf-der-Ybbser-Spassvogel-\u2026-2008-c-Bruno-Haberzettl_Landessammlungen-NOe-768x978.jpg 768w, https:\/\/www.stuwo.at\/wp-content\/uploads\/2023\/08\/Bruno-Haberzettl-Alf-der-Ybbser-Spassvogel-\u2026-2008-c-Bruno-Haberzettl_Landessammlungen-NOe-1206x1536.jpg 1206w, https:\/\/www.stuwo.at\/wp-content\/uploads\/2023\/08\/Bruno-Haberzettl-Alf-der-Ybbser-Spassvogel-\u2026-2008-c-Bruno-Haberzettl_Landessammlungen-NOe-1178x1500.jpg 1178w, https:\/\/www.stuwo.at\/wp-content\/uploads\/2023\/08\/Bruno-Haberzettl-Alf-der-Ybbser-Spassvogel-\u2026-2008-c-Bruno-Haberzettl_Landessammlungen-NOe-553x705.jpg 553w\" sizes=\"(max-width: 1570px) 100vw, 1570px\" \/><\/div><\/div><\/div><\/div><\/div><div class='av-flex-placeholder'><\/div>\n<style type=\"text\/css\" data-created_by=\"avia_inline_auto\" id=\"style-css-av-6kn5ly-a54534f37dc51cbf0eb6a4b304fdf653\">\n.flex_column.av-6kn5ly-a54534f37dc51cbf0eb6a4b304fdf653{\nborder-radius:0px 0px 0px 0px;\npadding:0px 0px 30px 0px;\n}\n<\/style>\n<div  class='flex_column av-6kn5ly-a54534f37dc51cbf0eb6a4b304fdf653 av_one_half  avia-builder-el-25  el_after_av_one_half  el_before_av_hr  flex_column_table_cell av-equal-height-column av-align-middle  '     ><section  class='av_textblock_section av-lj5z14fm-1d18c23a411a5c0c221b1d3a1be798e0 '   itemscope=\"itemscope\" itemtype=\"https:\/\/schema.org\/BlogPosting\" itemprop=\"blogPost\" ><div class='avia_textblock'  itemprop=\"text\" ><h3 style=\"font-weight: 400;\">Krems Caricature Museum<\/h3>\n<p style=\"font-weight: 400;\">A visit to the <a href=\"https:\/\/www.karikaturmuseum.at\/en?set_language=en\" target=\"_blank\" rel=\"noopener\">Caricature Museum Krems<\/a> should not be missed! It is the only caricature museum in Austria and therefore THE museum for caricature, pictorial satire, comics and cartoons. Here you can get a deep insight into the world of Austrian humor, all sorts of clich\u00e9s about the country and its people through the permanent presentation of Manfred Deix (F\u00fcr immer Deix) and incidentally train your abdominal muscles while laughing.<\/p>\n<p style=\"font-weight: 400;\">By the way, in 2023 there will also be an anniversary show at the Krems Caricature Museum! Erich Sokol, the artist who died in 2003, will be honored. For all those who don&#8217;t know who he is, Sokol made the front pages of the weekend editions of the Kronen Zeitung for 20 years. These will be exhibited in the anniversary show. You will find around 70 originals from the period 1975-1996, including the front page of Niki Lauda&#8217;s first world championship title.<\/p>\n<p style=\"font-weight: 400;\">The IRONISMUS cabinet, which deals with political caricature, is also well worth a visit to the Caricature Museum. Those who are more interested in the reappraisal of historical topics, contemporary caricature, comics and critical graphics will get their money&#8217;s worth in the annual temporary exhibitions.<\/p>\n<\/div><\/section><br \/>\n<div  class='av-hotspot-image-container av-md1rt1ee-77b5340a74f79bb1b2192e5967490058  avia-builder-el-27  el_after_av_textblock  avia-builder-el-last  av-desktop-hide av-medium-hide av-hotspot-numbered av-mobile-fallback-active  av-non-fullwidth-hotspot-image'  itemprop=\"image\" itemscope=\"itemscope\" itemtype=\"https:\/\/schema.org\/ImageObject\" ><div class='av-hotspot-container'><div class='av-hotspot-container-inner-cell'><div class='av-hotspot-container-inner-wrap'><img decoding=\"async\" fetchpriority=\"high\" class='wp-image-167623 avia-img-lazy-loading-not-167623 avia_image' src=\"https:\/\/www.stuwo.at\/wp-content\/uploads\/2023\/08\/Bruno-Haberzettl-Alf-der-Ybbser-Spassvogel-\u2026-2008-c-Bruno-Haberzettl_Landessammlungen-NOe.jpg\" alt='' title='Bruno Haberzettl, Alf, der Ybbser Spa\u00dfvogel \u2026, 2008 (c) Bruno Haberzettl_Landessammlungen N\u00d6'  height=\"2000\" width=\"1570\"  itemprop=\"thumbnailUrl\" srcset=\"https:\/\/www.stuwo.at\/wp-content\/uploads\/2023\/08\/Bruno-Haberzettl-Alf-der-Ybbser-Spassvogel-\u2026-2008-c-Bruno-Haberzettl_Landessammlungen-NOe.jpg 1570w, https:\/\/www.stuwo.at\/wp-content\/uploads\/2023\/08\/Bruno-Haberzettl-Alf-der-Ybbser-Spassvogel-\u2026-2008-c-Bruno-Haberzettl_Landessammlungen-NOe-236x300.jpg 236w, https:\/\/www.stuwo.at\/wp-content\/uploads\/2023\/08\/Bruno-Haberzettl-Alf-der-Ybbser-Spassvogel-\u2026-2008-c-Bruno-Haberzettl_Landessammlungen-NOe-809x1030.jpg 809w, https:\/\/www.stuwo.at\/wp-content\/uploads\/2023\/08\/Bruno-Haberzettl-Alf-der-Ybbser-Spassvogel-\u2026-2008-c-Bruno-Haberzettl_Landessammlungen-NOe-768x978.jpg 768w, https:\/\/www.stuwo.at\/wp-content\/uploads\/2023\/08\/Bruno-Haberzettl-Alf-der-Ybbser-Spassvogel-\u2026-2008-c-Bruno-Haberzettl_Landessammlungen-NOe-1206x1536.jpg 1206w, https:\/\/www.stuwo.at\/wp-content\/uploads\/2023\/08\/Bruno-Haberzettl-Alf-der-Ybbser-Spassvogel-\u2026-2008-c-Bruno-Haberzettl_Landessammlungen-NOe-1178x1500.jpg 1178w, https:\/\/www.stuwo.at\/wp-content\/uploads\/2023\/08\/Bruno-Haberzettl-Alf-der-Ybbser-Spassvogel-\u2026-2008-c-Bruno-Haberzettl_Landessammlungen-NOe-553x705.jpg 553w\" sizes=\"(max-width: 1570px) 100vw, 1570px\" \/><\/div><\/div><\/div><\/div><\/p><\/div><\/div><!--close column table wrapper. Autoclose: 1 --><div  class='hr av-72x4ak-cbd994f6a54e96cf729677422f718f07 hr-short  avia-builder-el-28  el_after_av_one_half  el_before_av_textblock  hr-left'><span class='hr-inner '><span class=\"hr-inner-style\"><\/span><\/span><\/div>\n<section  class='av_textblock_section av-llk165ye-c64fcd70e35873b6f1c05e6ddd0c2bf4 '   itemscope=\"itemscope\" itemtype=\"https:\/\/schema.org\/BlogPosting\" itemprop=\"blogPost\" ><div class='avia_textblock'  itemprop=\"text\" ><h3 style=\"font-weight: 400;\">Artothek Lower Austria<\/h3>\n<p style=\"font-weight: 400;\">The <a href=\"https:\/\/www.artothek.at\/en\" target=\"_blank\" rel=\"noopener\">Artothek Lower Austria<\/a> is a rather unusual part of the Art Mile. It is a place for all those who do not just consume art in passing, but would like to integrate it into their everyday life. The Artothek Lower Austria offers the possibility to borrow contemporary art in an unbureaucratic and inexpensive way. The Artothek thus represents another important component of the Art Mile and forms an important bridge from art to young audiences.<\/p>\n<\/div><\/section>\n<div  class='hr av-fqlmakc-b411e17eaed599749090f3c27781e1c3 hr-short  avia-builder-el-30  el_after_av_textblock  el_before_av_textblock  hr-left'><span class='hr-inner '><span class=\"hr-inner-style\"><\/span><\/span><\/div>\n<section  class='av_textblock_section av-lj5yzgut-395fc858f7917ad7688c42870c87fdb8 '   itemscope=\"itemscope\" itemtype=\"https:\/\/schema.org\/BlogPosting\" itemprop=\"blogPost\" ><div class='avia_textblock'  itemprop=\"text\" ><h2 id=\"Dominikanerplatz Krems: Art at the Dominikanerkloster\">Dominikanerplatz Krems: Art at the Dominikanerkloster<\/h2>\n<p style=\"font-weight: 400;\">Due to the location of the Dominican Church, the Krems Art Mile already begins in front of the Steiner Tor and extends along Steiner Landstra\u00dfe to Minoritenplatz in Stein.<\/p>\n<p style=\"font-weight: 400;\">At the Dominikanerplatz you can visit the museumkrems as well as the Dominikanerkirche. Only since 2011, the former monastery church of the Dominicans has been the exhibition site of the Provincial Gallery of Contemporary Art. The construction of the church was started in 1240, today it is a listed building and becomes an art platform during the summer months.<\/p>\n<\/div><\/section>\n<div  class='hr av-bebbzwc-7088283714c1e24ab88a1af9647efd02 hr-short  avia-builder-el-32  el_after_av_textblock  el_before_av_textblock  hr-left'><span class='hr-inner '><span class=\"hr-inner-style\"><\/span><\/span><\/div>\n<section  class='av_textblock_section av-llk18nmy-4418f9d62dbc6e53227b21da153daba0 '   itemscope=\"itemscope\" itemtype=\"https:\/\/schema.org\/BlogPosting\" itemprop=\"blogPost\" ><div class='avia_textblock'  itemprop=\"text\" ><h3 style=\"font-weight: 400;\"><strong>The Museum Krems at the Dominikanerkloster<\/strong><\/h3>\n<p style=\"font-weight: 400;\">The\u00a0<a href=\"http:\/\/museumkrems.at\" target=\"_blank\" rel=\"noopener\">museumkrems<\/a>\u00a0includes a historically grown museum collection and special exhibitions on the history, art and culture of the city of Krems. From the production and export of the famous &#8220;Kremser Senf&#8221; (Mustard from Krems) to the first Babenberg mint, the museumkrems offers you extensive collection of art in the middle of the historic old town.<\/p>\n<\/div><\/section>\n<div  class='hr av-7jb7oe4-4348c5f424e96ec74957ec6945a1953d hr-short  avia-builder-el-34  el_after_av_textblock  el_before_av_textblock  hr-left'><span class='hr-inner '><span class=\"hr-inner-style\"><\/span><\/span><\/div>\n<section  class='av_textblock_section av-llk19kjg-ab15d22bde8eacaca314d5a4d1ca7bb9 '   itemscope=\"itemscope\" itemtype=\"https:\/\/schema.org\/BlogPosting\" itemprop=\"blogPost\" ><div class='avia_textblock'  itemprop=\"text\" ><h3 style=\"font-weight: 400;\">The Dominican Church<\/h3>\n<p style=\"font-weight: 400;\">The sacred architecture of the <a href=\"https:\/\/www.kunstmeile.at\/en\/institutions\/dominikanerkirche?set_language=en\" target=\"_blank\" rel=\"noopener\">Dominican Church Krems<\/a> makes it particularly suitable for room-related projects. But even if the church is completely empty, the spatial impression is incredibly imposing, because every single vault rib is decorated in fresco technique with different colorful patterns. Incidentally, at the time of construction, the monastery and church were one of the largest and most prestigious assembly rooms in the country, so it&#8217;s little surprise that the two buildings are so impressive!<\/p>\n<\/div><\/section>\n<div  class='hr av-71fm3eo-19f30e280b72ac915eb2836e7da850be hr-short  avia-builder-el-36  el_after_av_textblock  el_before_av_one_half  hr-left'><span class='hr-inner '><span class=\"hr-inner-style\"><\/span><\/span><\/div>\n\n<style type=\"text\/css\" data-created_by=\"avia_inline_auto\" id=\"style-css-av-5lfynsb-2accaac3dbf3ea48b7812d1e8541ef61\">\n.flex_column.av-5lfynsb-2accaac3dbf3ea48b7812d1e8541ef61{\nborder-radius:0px 0px 0px 0px;\npadding:0px 0px 30px 0px;\n}\n<\/style>\n<div  class='flex_column av-5lfynsb-2accaac3dbf3ea48b7812d1e8541ef61 av_one_half  avia-builder-el-37  el_after_av_hr  el_before_av_one_half  first flex_column_div  '     ><section  class='av_textblock_section av-60022e-46-2175be4a8b6386d8278a86291867c52f '   itemscope=\"itemscope\" itemtype=\"https:\/\/schema.org\/BlogPosting\" itemprop=\"blogPost\" ><div class='avia_textblock'  itemprop=\"text\" ><h2 id=\"Minoritenplatz Krems: The sound room in the Minorite Church\">Minoritenplatz Krems: The sound room in the Minorite Church<\/h2>\n<p style=\"font-weight: 400;\">The <a href=\"https:\/\/www.klangraum.at\/en\" target=\"_blank\" rel=\"noopener\">Minorite Church<\/a> was founded in 1224. It is one of the oldest mendicant churches north of the Alps and is said to date back to a foundation by King Andresa II of Hungary. Since 1992, music and sound art concepts have been developed for the Minorite Church, taking into account the acoustic, architectural and spiritual requirements. Today, however, also advanced positions of contemporary music &#8211; concerts such as the donaufestival &#8211; are held. In addition, you can listen to two artistic interventions of sound art by Christina Kubisch and Felix Blume in the nave and chapter house.<\/p>\n<\/div><\/section><br \/>\n\n<style type=\"text\/css\" data-created_by=\"avia_inline_auto\" id=\"style-css-av-lj5znmu0-b8492f9036ad0ac0712f92b16b0500a4\">\n.avia-image-container.av-lj5znmu0-b8492f9036ad0ac0712f92b16b0500a4 img.avia_image{\nbox-shadow:none;\n}\n.avia-image-container.av-lj5znmu0-b8492f9036ad0ac0712f92b16b0500a4 .av-image-caption-overlay-center{\ncolor:#ffffff;\n}\n<\/style>\n<div  class='avia-image-container av-lj5znmu0-b8492f9036ad0ac0712f92b16b0500a4 av-styling- avia-align-center  avia-builder-el-39  el_after_av_textblock  avia-builder-el-last  av-desktop-hide av-medium-hide av-has-copyright av-copyright-always'   itemprop=\"image\" itemscope=\"itemscope\" itemtype=\"https:\/\/schema.org\/ImageObject\" ><div class=\"avia-image-container-inner\"><div class=\"avia-image-overlay-wrap\"><img decoding=\"async\" fetchpriority=\"high\" class='wp-image-167629 avia-img-lazy-loading-not-167629 avia_image ' src=\"https:\/\/www.stuwo.at\/wp-content\/uploads\/2023\/08\/Forum-Frohner_c_Christian-Redtenbacher.jpg\" alt='' title='Forum Frohner_c_Christian Redtenbacher'  height=\"1181\" width=\"1772\"  itemprop=\"thumbnailUrl\" srcset=\"https:\/\/www.stuwo.at\/wp-content\/uploads\/2023\/08\/Forum-Frohner_c_Christian-Redtenbacher.jpg 1772w, https:\/\/www.stuwo.at\/wp-content\/uploads\/2023\/08\/Forum-Frohner_c_Christian-Redtenbacher-300x200.jpg 300w, https:\/\/www.stuwo.at\/wp-content\/uploads\/2023\/08\/Forum-Frohner_c_Christian-Redtenbacher-1030x686.jpg 1030w, https:\/\/www.stuwo.at\/wp-content\/uploads\/2023\/08\/Forum-Frohner_c_Christian-Redtenbacher-768x512.jpg 768w, https:\/\/www.stuwo.at\/wp-content\/uploads\/2023\/08\/Forum-Frohner_c_Christian-Redtenbacher-1536x1024.jpg 1536w, https:\/\/www.stuwo.at\/wp-content\/uploads\/2023\/08\/Forum-Frohner_c_Christian-Redtenbacher-1500x1000.jpg 1500w, https:\/\/www.stuwo.at\/wp-content\/uploads\/2023\/08\/Forum-Frohner_c_Christian-Redtenbacher-705x470.jpg 705w\" sizes=\"(max-width: 1772px) 100vw, 1772px\" \/><\/div><small class=\"avia-copyright\">Let yourself be culturally immersed at Minoritenplatz! \u00a9Christian Redtenbacher.<\/small><\/div><\/div><\/p><\/div>\n<style type=\"text\/css\" data-created_by=\"avia_inline_auto\" id=\"style-css-av-4wkn0a3-e2da863156c9c0281516978fe811a468\">\n.flex_column.av-4wkn0a3-e2da863156c9c0281516978fe811a468{\nborder-radius:0px 0px 0px 0px;\npadding:0px 0px 30px 0px;\n}\n<\/style>\n<div  class='flex_column av-4wkn0a3-e2da863156c9c0281516978fe811a468 av_one_half  avia-builder-el-40  el_after_av_one_half  el_before_av_hr  flex_column_div  '     ><style type=\"text\/css\" data-created_by=\"avia_inline_auto\" id=\"style-css-av-lj5zng4z-2b6242409f0e619aef0bb3b454ac236b\">\n.avia-image-container.av-lj5zng4z-2b6242409f0e619aef0bb3b454ac236b img.avia_image{\nbox-shadow:none;\n}\n.avia-image-container.av-lj5zng4z-2b6242409f0e619aef0bb3b454ac236b .av-image-caption-overlay-center{\ncolor:#ffffff;\n}\n<\/style>\n<div  class='avia-image-container av-lj5zng4z-2b6242409f0e619aef0bb3b454ac236b av-styling- avia-align-center  avia-builder-el-41  avia-builder-el-no-sibling  av-small-hide av-mini-hide av-has-copyright av-copyright-always'   itemprop=\"image\" itemscope=\"itemscope\" itemtype=\"https:\/\/schema.org\/ImageObject\" ><div class=\"avia-image-container-inner\"><div class=\"avia-image-overlay-wrap\"><img decoding=\"async\" fetchpriority=\"high\" class='wp-image-167629 avia-img-lazy-loading-not-167629 avia_image ' src=\"https:\/\/www.stuwo.at\/wp-content\/uploads\/2023\/08\/Forum-Frohner_c_Christian-Redtenbacher-845x684.jpg\" alt='' title='Forum Frohner_c_Christian Redtenbacher'  height=\"684\" width=\"845\"  itemprop=\"thumbnailUrl\" srcset=\"https:\/\/www.stuwo.at\/wp-content\/uploads\/2023\/08\/Forum-Frohner_c_Christian-Redtenbacher-845x684.jpg 845w, https:\/\/www.stuwo.at\/wp-content\/uploads\/2023\/08\/Forum-Frohner_c_Christian-Redtenbacher-495x400.jpg 495w\" sizes=\"(max-width: 845px) 100vw, 845px\" \/><\/div><small class=\"avia-copyright\">Let yourself be culturally immersed at Minoritenplatz! \u00a9Christian Redtenbacher.<\/small><\/div><\/div><\/div><div  class='hr av-9c584uj-a1e6be393a620117c30973fd60e1fd9e hr-short  avia-builder-el-42  el_after_av_one_half  el_before_av_one_half  hr-left'><span class='hr-inner '><span class=\"hr-inner-style\"><\/span><\/span><\/div>\n\n<style type=\"text\/css\" data-created_by=\"avia_inline_auto\" id=\"style-css-av-eng6nf-376106f7de0a753a68d09a2fbe352c16\">\n.flex_column.av-eng6nf-376106f7de0a753a68d09a2fbe352c16{\nborder-radius:0px 0px 0px 0px;\npadding:0px 0px 30px 0px;\n}\n<\/style>\n<div  class='flex_column av-eng6nf-376106f7de0a753a68d09a2fbe352c16 av_one_half  avia-builder-el-43  el_after_av_hr  el_before_av_one_half  first flex_column_div  '     ><style type=\"text\/css\" data-created_by=\"avia_inline_auto\" id=\"style-css-av-lj5zsv9m-3a82ab86957315e95e7703e1c8b03771\">\n.avia-image-container.av-lj5zsv9m-3a82ab86957315e95e7703e1c8b03771 img.avia_image{\nbox-shadow:none;\n}\n.avia-image-container.av-lj5zsv9m-3a82ab86957315e95e7703e1c8b03771 .av-image-caption-overlay-center{\ncolor:#ffffff;\n}\n<\/style>\n<div  class='avia-image-container av-lj5zsv9m-3a82ab86957315e95e7703e1c8b03771 av-styling- avia-align-center  avia-builder-el-44  avia-builder-el-no-sibling  av-small-hide av-mini-hide av-has-copyright av-copyright-always'   itemprop=\"image\" itemscope=\"itemscope\" itemtype=\"https:\/\/schema.org\/ImageObject\" ><div class=\"avia-image-container-inner\"><div class=\"avia-image-overlay-wrap\"><img decoding=\"async\" fetchpriority=\"high\" class='wp-image-167639 avia-img-lazy-loading-not-167639 avia_image ' src=\"https:\/\/www.stuwo.at\/wp-content\/uploads\/2023\/08\/Atmo-GlattVerkehrt-Winzer-Krems-1-845x684.jpg\" alt='' title='Atmo Glatt&amp;Verkehrt Winzer Krems'  height=\"684\" width=\"845\"  itemprop=\"thumbnailUrl\" srcset=\"https:\/\/www.stuwo.at\/wp-content\/uploads\/2023\/08\/Atmo-GlattVerkehrt-Winzer-Krems-1-845x684.jpg 845w, https:\/\/www.stuwo.at\/wp-content\/uploads\/2023\/08\/Atmo-GlattVerkehrt-Winzer-Krems-1-495x400.jpg 495w\" sizes=\"(max-width: 845px) 100vw, 845px\" \/><\/div><small class=\"avia-copyright\">Enjoy nature on the Kunstmeile Krems! \u00a9Atmo Glatt&amp;Verkehrt Winzer Krems.<\/small><\/div><\/div><\/div>\n<style type=\"text\/css\" data-created_by=\"avia_inline_auto\" id=\"style-css-av-33a1itn-1fc91a17796509ecf37e9e11e31c5b53\">\n.flex_column.av-33a1itn-1fc91a17796509ecf37e9e11e31c5b53{\nborder-radius:0px 0px 0px 0px;\npadding:0px 0px 30px 0px;\n}\n<\/style>\n<div  class='flex_column av-33a1itn-1fc91a17796509ecf37e9e11e31c5b53 av_one_half  avia-builder-el-45  el_after_av_one_half  el_before_av_hr  flex_column_div  '     ><p><section  class='av_textblock_section av-lj5z953o-3379bb912aa9722335295d8a2fc2b51a '   itemscope=\"itemscope\" itemtype=\"https:\/\/schema.org\/BlogPosting\" itemprop=\"blogPost\" ><div class='avia_textblock'  itemprop=\"text\" ><p>But not only the old town, also the surroundings of the Art Mile Krems are absolutely worth mentioning! The picturesque town is located in the middle of the Wachau and combines the cultural offer with the beauty of nature. For example, the apricot blossom is one of the most popular spectacles of the region. Here you can find <a href=\"https:\/\/www.stuwo.at\/en\/blog\/best-excursion-destinations-in-krems\/\" target=\"_blank\" rel=\"noopener\">more destinations for your summer in Krems<\/a>!<\/p>\n<p>From social media content to personal initiative to baroque paintings. The Art Mile Krems holds a diverse and inspiring program for all interested. You too can embark on an unforgettable journey of discovery through the museums of Krems!<\/p>\n<\/div><\/section><br \/>\n\n<style type=\"text\/css\" data-created_by=\"avia_inline_auto\" id=\"style-css-av-md1rvaa0-17e8ce17c95a09dea1a6fb6f597bd52a\">\n.avia-image-container.av-md1rvaa0-17e8ce17c95a09dea1a6fb6f597bd52a img.avia_image{\nbox-shadow:none;\n}\n.avia-image-container.av-md1rvaa0-17e8ce17c95a09dea1a6fb6f597bd52a .av-image-caption-overlay-center{\ncolor:#ffffff;\n}\n<\/style>\n<div  class='avia-image-container av-md1rvaa0-17e8ce17c95a09dea1a6fb6f597bd52a av-styling- avia-align-center  avia-builder-el-47  el_after_av_textblock  avia-builder-el-last  av-desktop-hide av-medium-hide av-has-copyright av-copyright-always'   itemprop=\"image\" itemscope=\"itemscope\" itemtype=\"https:\/\/schema.org\/ImageObject\" ><div class=\"avia-image-container-inner\"><div class=\"avia-image-overlay-wrap\"><img decoding=\"async\" fetchpriority=\"high\" class='wp-image-167639 avia-img-lazy-loading-not-167639 avia_image ' src=\"https:\/\/www.stuwo.at\/wp-content\/uploads\/2023\/08\/Atmo-GlattVerkehrt-Winzer-Krems-1-845x684.jpg\" alt='' title='Atmo Glatt&amp;Verkehrt Winzer Krems'  height=\"684\" width=\"845\"  itemprop=\"thumbnailUrl\" srcset=\"https:\/\/www.stuwo.at\/wp-content\/uploads\/2023\/08\/Atmo-GlattVerkehrt-Winzer-Krems-1-845x684.jpg 845w, https:\/\/www.stuwo.at\/wp-content\/uploads\/2023\/08\/Atmo-GlattVerkehrt-Winzer-Krems-1-495x400.jpg 495w\" sizes=\"(max-width: 845px) 100vw, 845px\" \/><\/div><small class=\"avia-copyright\">Enjoy nature on the Kunstmeile Krems! \u00a9Atmo Glatt&amp;Verkehrt Winzer Krems.<\/small><\/div><\/div><\/p><\/div><div  class='hr av-591dex7-bcbe6b71ccda9ddc4c87a928f23c79ef hr-short  avia-builder-el-48  el_after_av_one_half  el_before_av_textblock  hr-left'><span class='hr-inner '><span class=\"hr-inner-style\"><\/span><\/span><\/div>\n<section  class='av_textblock_section av-lj5z9lyz-8b622e964c4027c1d3c7e78a0fbfa56b '   itemscope=\"itemscope\" itemtype=\"https:\/\/schema.org\/BlogPosting\" itemprop=\"blogPost\" ><div class='avia_textblock'  itemprop=\"text\" ><p style=\"font-weight: 400;\">The small town on the Danube has aroused your curiosity with its rich offer? You want to visit the art mile Krems, but are not from the area? No problem, the <a href=\"https:\/\/www.stuwo.at\/en\/vacation-rentals\/vacation-rental-krems\/\" target=\"_blank\" rel=\"noopener\">inexpensive vacation apartments of STUWO<\/a>, convince besides the central location in the UNESCO world heritage city, also with fitness room, sauna and included WIFI!<\/p>\n<p>We wish you a great time in Krems! Get inspired!<\/p>\n<h4 style=\"font-weight: 400;\"><\/h4>\n<\/div><\/section>\n\n<\/div><\/div><\/div><!-- close content main div --><\/div><\/div>\n<style type=\"text\/css\" data-created_by=\"avia_inline_auto\" id=\"style-css-av-av_section-c8e791270f26fa1415bf70a75861f1d9\">\n.avia-section.av-av_section-c8e791270f26fa1415bf70a75861f1d9{\nbackground-repeat:no-repeat;\nbackground-image:url(https:\/\/www.stuwo.at\/wp-content\/uploads\/2019\/08\/2000x600px_2b-1500x430.jpg);\nbackground-position:50% 50%;\nbackground-attachment:fixed;\n}\n.avia-section.av-av_section-c8e791270f26fa1415bf70a75861f1d9 .av-section-color-overlay{\nopacity:0.4;\nbackground-color:#000000;\n}\n<\/style>\n<div id='kontakt-fullscreen'  class='avia-section av-av_section-c8e791270f26fa1415bf70a75861f1d9 alternate_color avia-section-huge avia-no-border-styling  avia-builder-el-50  el_after_av_section  avia-builder-el-last  avia-full-stretch avia-bg-style-fixed av-section-color-overlay-active container_wrap sidebar_right'  data-section-bg-repeat='stretch'><div class=\"av-section-color-overlay-wrap\"><div class=\"av-section-color-overlay\"><\/div><div class='container av-section-cont-open' ><div class='template-page content  av-content-small alpha units'><div class='post-entry post-entry-type-page post-entry-167676'><div class='entry-content-wrapper clearfix'>\n\n<style type=\"text\/css\" data-created_by=\"avia_inline_auto\" id=\"style-css-av-av_one_full-1df1b63c6c045939f2dc1aefbdd8e7ad\">\n.flex_column.av-av_one_full-1df1b63c6c045939f2dc1aefbdd8e7ad{\nborder-radius:0px 0px 0px 0px;\npadding:0px 0px 0px 0px;\n}\n<\/style>\n<div  class='flex_column av-av_one_full-1df1b63c6c045939f2dc1aefbdd8e7ad av_one_full  avia-builder-el-51  el_before_av_one_half  avia-builder-el-first  first flex_column_div av-zero-column-padding  '     ><p>\n<style type=\"text\/css\" data-created_by=\"avia_inline_auto\" id=\"style-css-av-av_heading-c1f1136bbd1e19fabf06bb4de27507ff\">\n#top .av-special-heading.av-av_heading-c1f1136bbd1e19fabf06bb4de27507ff{\npadding-bottom:20px;\ncolor:#ffffff;\nfont-size:40px;\n}\nbody .av-special-heading.av-av_heading-c1f1136bbd1e19fabf06bb4de27507ff .av-special-heading-tag .heading-char{\nfont-size:25px;\n}\n#top #wrap_all .av-special-heading.av-av_heading-c1f1136bbd1e19fabf06bb4de27507ff .av-special-heading-tag{\nfont-size:40px;\n}\n.av-special-heading.av-av_heading-c1f1136bbd1e19fabf06bb4de27507ff .special-heading-inner-border{\nborder-color:#ffffff;\n}\n.av-special-heading.av-av_heading-c1f1136bbd1e19fabf06bb4de27507ff .av-subheading{\nfont-size:15px;\n}\n\n@media only screen and (min-width: 480px) and (max-width: 767px){ \n#top #wrap_all .av-special-heading.av-av_heading-c1f1136bbd1e19fabf06bb4de27507ff .av-special-heading-tag{\nfont-size:0.8em;\n}\n}\n\n@media only screen and (max-width: 479px){ \n#top #wrap_all .av-special-heading.av-av_heading-c1f1136bbd1e19fabf06bb4de27507ff .av-special-heading-tag{\nfont-size:0.8em;\n}\n}\n<\/style>\n<div  class='av-special-heading av-av_heading-c1f1136bbd1e19fabf06bb4de27507ff av-special-heading-h5 custom-color-heading blockquote modern-quote modern-centered  avia-builder-el-52  el_before_av_textblock  avia-builder-el-first  av-inherit-size'><h5 class='av-special-heading-tag '  itemprop=\"headline\"  >Questions?<\/h5><div class=\"special-heading-border\"><div class=\"special-heading-inner-border\"><\/div><\/div><\/div><br \/>\n\n<style type=\"text\/css\" data-created_by=\"avia_inline_auto\" id=\"style-css-av-av_textblock-7f5ca28c97d57d5658ab6cced66d2e77\">\n#top .av_textblock_section.av-av_textblock-7f5ca28c97d57d5658ab6cced66d2e77 .avia_textblock{\nfont-size:18px;\ncolor:#ffffff;\n}\n<\/style>\n<section  class='av_textblock_section av-av_textblock-7f5ca28c97d57d5658ab6cced66d2e77 '   itemscope=\"itemscope\" itemtype=\"https:\/\/schema.org\/BlogPosting\" itemprop=\"blogPost\" ><div class='avia_textblock av_inherit_color'  itemprop=\"text\" ><p style=\"text-align: center;\">We are happy to help!<\/p>\n<\/div><\/section><\/p><\/div>\n<style type=\"text\/css\" data-created_by=\"avia_inline_auto\" id=\"style-css-av-av_one_half-1df1b63c6c045939f2dc1aefbdd8e7ad\">\n.flex_column.av-av_one_half-1df1b63c6c045939f2dc1aefbdd8e7ad{\nborder-radius:0px 0px 0px 0px;\npadding:0px 0px 0px 0px;\n}\n<\/style>\n<div  class='flex_column av-av_one_half-1df1b63c6c045939f2dc1aefbdd8e7ad av_one_half  avia-builder-el-54  el_after_av_one_full  el_before_av_one_half  first flex_column_div av-zero-column-padding  column-top-margin'     ><style type=\"text\/css\" data-created_by=\"avia_inline_auto\" id=\"style-css-av-lzck27nz-a6c033f4bbd0013638dedb5365383c4e\">\n.iconbox.av-lzck27nz-a6c033f4bbd0013638dedb5365383c4e .iconbox_icon{\nborder:1px solid #ffffff;\ncolor:#ffffff;\n}\n#top #wrap_all .iconbox.av-lzck27nz-a6c033f4bbd0013638dedb5365383c4e .iconbox_content_title{\ncolor:#ffffff;\n}\n.iconbox.av-lzck27nz-a6c033f4bbd0013638dedb5365383c4e .iconbox_content_container{\ncolor:#ffffff;\n}\n<\/style>\n<article  class='iconbox iconbox_top av-lzck27nz-a6c033f4bbd0013638dedb5365383c4e av-no-box  avia-builder-el-55  avia-builder-el-no-sibling '  itemscope=\"itemscope\" itemtype=\"https:\/\/schema.org\/BlogPosting\" itemprop=\"blogPost\" ><div class=\"iconbox_content\"><header class=\"entry-content-header\" aria-label=\"Icon: &lt;a href=&quot;mailto:info@stuwo.at&quot;&gt;info@stuwo.at&lt;\/a&gt;\"><div class=\"iconbox_icon heading-color\" aria-hidden='true' data-av_icon='\ue805' data-av_iconfont='entypo-fontello'><\/div><h3 class='iconbox_content_title '  itemprop=\"headline\" ><a href=\"mailto:info@stuwo.at\">info@stuwo.at<\/a><\/h3><\/header><div class='iconbox_content_container av_inherit_color'  itemprop=\"text\" ><\/div><\/div><footer class=\"entry-footer\"><\/footer><\/article><\/div>\n<style type=\"text\/css\" data-created_by=\"avia_inline_auto\" id=\"style-css-av-av_one_half-862f0c8b97abc46405e90743a1c7ee0e\">\n.flex_column.av-av_one_half-862f0c8b97abc46405e90743a1c7ee0e{\nborder-radius:0px 0px 0px 0px;\npadding:0px 0px 0px 0px;\n}\n<\/style>\n<div  class='flex_column av-av_one_half-862f0c8b97abc46405e90743a1c7ee0e av_one_half  avia-builder-el-56  el_after_av_one_half  el_before_av_hr  flex_column_div av-zero-column-padding  column-top-margin'     ><style type=\"text\/css\" data-created_by=\"avia_inline_auto\" id=\"style-css-av-md1rvnfx-52dca105704f5deef420adf7b2c338e6\">\n.iconbox.av-md1rvnfx-52dca105704f5deef420adf7b2c338e6 .iconbox_icon{\nborder:1px solid #ffffff;\ncolor:#ffffff;\n}\n#top #wrap_all .iconbox.av-md1rvnfx-52dca105704f5deef420adf7b2c338e6 .iconbox_content_title{\ncolor:#ffffff;\n}\n.iconbox.av-md1rvnfx-52dca105704f5deef420adf7b2c338e6 .iconbox_content_container{\ncolor:#ffffff;\n}\n<\/style>\n<article  class='iconbox iconbox_top av-md1rvnfx-52dca105704f5deef420adf7b2c338e6 av-no-box  avia-builder-el-57  avia-builder-el-no-sibling '  itemscope=\"itemscope\" itemtype=\"https:\/\/schema.org\/BlogPosting\" itemprop=\"blogPost\" ><div class=\"iconbox_content\"><header class=\"entry-content-header\" aria-label=\"Icon: &lt;a href=&quot;tel:+43140493618&quot;&gt;+43 1 40493 618&lt;\/a&gt;\"><div class=\"iconbox_icon heading-color\" aria-hidden='true' data-av_icon='\ue854' data-av_iconfont='entypo-fontello'><\/div><h3 class='iconbox_content_title '  itemprop=\"headline\" ><a href=\"tel:+43140493618\">+43 1 40493 618<\/a><\/h3><\/header><div class='iconbox_content_container av_inherit_color'  itemprop=\"text\" ><\/div><\/div><footer class=\"entry-footer\"><\/footer><\/article><\/div>\n<style type=\"text\/css\" data-created_by=\"avia_inline_auto\" id=\"style-css-av-av_hr-be41d1bf96d6b1d7d42e1d591fe55877\">\n#top .hr.hr-invisible.av-av_hr-be41d1bf96d6b1d7d42e1d591fe55877{\nheight:50px;\n}\n<\/style>\n<div  class='hr av-av_hr-be41d1bf96d6b1d7d42e1d591fe55877 hr-invisible  avia-builder-el-58  el_after_av_one_half  el_before_av_one_full '><span class='hr-inner '><span class=\"hr-inner-style\"><\/span><\/span><\/div>\n\n<style type=\"text\/css\" data-created_by=\"avia_inline_auto\" id=\"style-css-av-av_one_full-1df1b63c6c045939f2dc1aefbdd8e7ad\">\n.flex_column.av-av_one_full-1df1b63c6c045939f2dc1aefbdd8e7ad{\nborder-radius:0px 0px 0px 0px;\npadding:0px 0px 0px 0px;\n}\n<\/style>\n<div  class='flex_column av-av_one_full-1df1b63c6c045939f2dc1aefbdd8e7ad av_one_full  avia-builder-el-59  el_after_av_hr  avia-builder-el-last  first flex_column_div av-zero-column-padding  '     ><div  class='avia-button-wrap av-mo7plbks-6786eb7b51b508a2ba95228413f03436-wrap avia-button-center  avia-builder-el-60  avia-builder-el-no-sibling '>\n<style type=\"text\/css\" data-created_by=\"avia_inline_auto\" id=\"style-css-av-mo7plbks-6786eb7b51b508a2ba95228413f03436\">\n#top #wrap_all .avia-button.av-mo7plbks-6786eb7b51b508a2ba95228413f03436{\nbackground-color:#ff913d;\nborder-color:#ff913d;\ncolor:#ffffff;\ntransition:all 0.4s ease-in-out;\n}\n<\/style>\n<a href='https:\/\/www.stuwo.at\/en\/application\/'  class='avia-button av-mo7plbks-6786eb7b51b508a2ba95228413f03436 av-link-btn avia-icon_select-yes-right-icon avia-size-x-large avia-position-center av-icon-on-hover'   aria-label=\"Apply to STUWO now\"><span class='avia_iconbox_title' >Apply to STUWO now<\/span><span class='avia_button_icon avia_button_icon_right' aria-hidden='true' data-av_icon='\ue875' data-av_iconfont='entypo-fontello'><\/span><\/a><\/div><\/div><\/div><\/div><\/div><!-- close content main div --><\/div><\/div><\/div><div id='after_section_2'  class='main_color av_default_container_wrap container_wrap sidebar_right'  ><div class='container av-section-cont-open' ><div class='template-page content  av-content-small alpha units'><div class='post-entry post-entry-type-page post-entry-167676'><div class='entry-content-wrapper clearfix'>\n","protected":false},"excerpt":{"rendered":"","protected":false},"author":33,"featured_media":167620,"comment_status":"closed","ping_status":"closed","sticky":false,"template":"","format":"standard","meta":{"footnotes":""},"categories":[159],"tags":[206,205,165],"class_list":["post-167676","post","type-post","status-publish","format-standard","has-post-thumbnail","hentry","category-leisure-time","tag-all-en","tag-alle-en","tag-krems-en"],"yoast_head":"<!-- This site is optimized with the Yoast SEO plugin v24.4 - https:\/\/yoast.com\/wordpress\/plugins\/seo\/ -->\n<title>Kunstmeile Krems: Historical scenery for art lovers at the art mile | STUWO<\/title>\n<meta name=\"description\" content=\"Enjoy artistic moments amidst historical buildings &amp; contemporary art. \u27a9 Discover a world full of creativity &amp; inspiration in the heart of Krems!\" \/>\n<meta name=\"robots\" content=\"index, follow, max-snippet:-1, max-image-preview:large, max-video-preview:-1\" \/>\n<link rel=\"canonical\" href=\"https:\/\/www.stuwo.at\/en\/blog\/art-mile-krems\/\" \/>\n<meta property=\"og:locale\" content=\"en_US\" \/>\n<meta property=\"og:type\" content=\"article\" \/>\n<meta property=\"og:title\" content=\"Kunstmeile Krems: Historical scenery for art lovers at the art mile | STUWO\" \/>\n<meta property=\"og:description\" content=\"Enjoy artistic moments amidst historical buildings &amp; contemporary art. \u27a9 Discover a world full of creativity &amp; inspiration in the heart of Krems!\" \/>\n<meta property=\"og:url\" content=\"https:\/\/www.stuwo.at\/en\/blog\/art-mile-krems\/\" \/>\n<meta property=\"og:site_name\" content=\"STUWO\" \/>\n<meta property=\"article:publisher\" content=\"https:\/\/www.facebook.com\/stuwostudent\" \/>\n<meta property=\"article:published_time\" content=\"2023-08-20T23:14:01+00:00\" \/>\n<meta property=\"article:modified_time\" content=\"2026-04-20T21:30:38+00:00\" \/>\n<meta property=\"og:image\" content=\"https:\/\/www.stuwo.at\/wp-content\/uploads\/2023\/08\/Atmo-donaufestival-1030x687.jpg\" \/>\n\t<meta property=\"og:image:width\" content=\"1030\" \/>\n\t<meta property=\"og:image:height\" content=\"687\" \/>\n\t<meta property=\"og:image:type\" content=\"image\/jpeg\" \/>\n<meta name=\"author\" content=\"Martin H\u00f6gerl\" \/>\n<meta name=\"twitter:card\" content=\"summary_large_image\" \/>\n<meta name=\"twitter:label1\" content=\"Written by\" \/>\n\t<meta name=\"twitter:data1\" content=\"Martin H\u00f6gerl\" \/>\n\t<meta name=\"twitter:label2\" content=\"Est. reading time\" \/>\n\t<meta name=\"twitter:data2\" content=\"10 minutes\" \/>\n<!-- \/ Yoast SEO plugin. -->","yoast_head_json":{"title":"Kunstmeile Krems: Historical scenery for art lovers at the art mile | STUWO","description":"Enjoy artistic moments amidst historical buildings & contemporary art. \u27a9 Discover a world full of creativity & inspiration in the heart of Krems!","robots":{"index":"index","follow":"follow","max-snippet":"max-snippet:-1","max-image-preview":"max-image-preview:large","max-video-preview":"max-video-preview:-1"},"canonical":"https:\/\/www.stuwo.at\/en\/blog\/art-mile-krems\/","og_locale":"en_US","og_type":"article","og_title":"Kunstmeile Krems: Historical scenery for art lovers at the art mile | STUWO","og_description":"Enjoy artistic moments amidst historical buildings & contemporary art. \u27a9 Discover a world full of creativity & inspiration in the heart of Krems!","og_url":"https:\/\/www.stuwo.at\/en\/blog\/art-mile-krems\/","og_site_name":"STUWO","article_publisher":"https:\/\/www.facebook.com\/stuwostudent","article_published_time":"2023-08-20T23:14:01+00:00","article_modified_time":"2026-04-20T21:30:38+00:00","og_image":[{"width":1030,"height":687,"url":"https:\/\/www.stuwo.at\/wp-content\/uploads\/2023\/08\/Atmo-donaufestival-1030x687.jpg","type":"image\/jpeg"}],"author":"Martin H\u00f6gerl","twitter_card":"summary_large_image","twitter_misc":{"Written by":"Martin H\u00f6gerl","Est. reading time":"10 minutes"},"schema":{"@context":"https:\/\/schema.org","@graph":[{"@type":"WebPage","@id":"https:\/\/www.stuwo.at\/en\/blog\/art-mile-krems\/","url":"https:\/\/www.stuwo.at\/en\/blog\/art-mile-krems\/","name":"Kunstmeile Krems: Historical scenery for art lovers at the art mile | STUWO","isPartOf":{"@id":"https:\/\/www.stuwo.at\/en\/#website"},"primaryImageOfPage":{"@id":"https:\/\/www.stuwo.at\/en\/blog\/art-mile-krems\/#primaryimage"},"image":{"@id":"https:\/\/www.stuwo.at\/en\/blog\/art-mile-krems\/#primaryimage"},"thumbnailUrl":"https:\/\/www.stuwo.at\/wp-content\/uploads\/2023\/08\/Atmo-donaufestival-scaled.jpg","datePublished":"2023-08-20T23:14:01+00:00","dateModified":"2026-04-20T21:30:38+00:00","author":{"@id":"https:\/\/www.stuwo.at\/en\/#\/schema\/person\/e1241cba7ce1299a03b6c987d1f5b291"},"description":"Enjoy artistic moments amidst historical buildings & contemporary art. \u27a9 Discover a world full of creativity & inspiration in the heart of Krems!","breadcrumb":{"@id":"https:\/\/www.stuwo.at\/en\/blog\/art-mile-krems\/#breadcrumb"},"inLanguage":"en-US","potentialAction":[{"@type":"ReadAction","target":["https:\/\/www.stuwo.at\/en\/blog\/art-mile-krems\/"]}]},{"@type":"ImageObject","inLanguage":"en-US","@id":"https:\/\/www.stuwo.at\/en\/blog\/art-mile-krems\/#primaryimage","url":"https:\/\/www.stuwo.at\/wp-content\/uploads\/2023\/08\/Atmo-donaufestival-scaled.jpg","contentUrl":"https:\/\/www.stuwo.at\/wp-content\/uploads\/2023\/08\/Atmo-donaufestival-scaled.jpg","width":2560,"height":1707,"caption":"Viele Menschen bei Veranstaltung am Minoritenplatz in Krems"},{"@type":"BreadcrumbList","@id":"https:\/\/www.stuwo.at\/en\/blog\/art-mile-krems\/#breadcrumb","itemListElement":[{"@type":"ListItem","position":1,"name":"Startseite","item":"https:\/\/www.stuwo.at\/en\/homepage-stuwo\/"},{"@type":"ListItem","position":2,"name":"Kunstmeile Krems: Discover unforgettable museums at the art mile in Krems"}]},{"@type":"WebSite","@id":"https:\/\/www.stuwo.at\/en\/#website","url":"https:\/\/www.stuwo.at\/en\/","name":"STUWO","description":"Modern wohnen in Studentenheimen der STUWO","potentialAction":[{"@type":"SearchAction","target":{"@type":"EntryPoint","urlTemplate":"https:\/\/www.stuwo.at\/en\/?s={search_term_string}"},"query-input":{"@type":"PropertyValueSpecification","valueRequired":true,"valueName":"search_term_string"}}],"inLanguage":"en-US"},{"@type":"Person","@id":"https:\/\/www.stuwo.at\/en\/#\/schema\/person\/e1241cba7ce1299a03b6c987d1f5b291","name":"Martin H\u00f6gerl","description":"Martin H\u00f6gerl ist in Ober\u00f6sterreich geboren, studiert in Krems und interessiert sich f\u00fcr Technik-Gadgets, im Spezielle f\u00fcr alles was fliegen kann.","url":"https:\/\/www.stuwo.at\/en\/blog\/author\/martin-hoegerl\/"}]}},"_links":{"self":[{"href":"https:\/\/www.stuwo.at\/en\/wp-json\/wp\/v2\/posts\/167676","targetHints":{"allow":["GET"]}}],"collection":[{"href":"https:\/\/www.stuwo.at\/en\/wp-json\/wp\/v2\/posts"}],"about":[{"href":"https:\/\/www.stuwo.at\/en\/wp-json\/wp\/v2\/types\/post"}],"author":[{"embeddable":true,"href":"https:\/\/www.stuwo.at\/en\/wp-json\/wp\/v2\/users\/33"}],"replies":[{"embeddable":true,"href":"https:\/\/www.stuwo.at\/en\/wp-json\/wp\/v2\/comments?post=167676"}],"version-history":[{"count":16,"href":"https:\/\/www.stuwo.at\/en\/wp-json\/wp\/v2\/posts\/167676\/revisions"}],"predecessor-version":[{"id":178679,"href":"https:\/\/www.stuwo.at\/en\/wp-json\/wp\/v2\/posts\/167676\/revisions\/178679"}],"wp:featuredmedia":[{"embeddable":true,"href":"https:\/\/www.stuwo.at\/en\/wp-json\/wp\/v2\/media\/167620"}],"wp:attachment":[{"href":"https:\/\/www.stuwo.at\/en\/wp-json\/wp\/v2\/media?parent=167676"}],"wp:term":[{"taxonomy":"category","embeddable":true,"href":"https:\/\/www.stuwo.at\/en\/wp-json\/wp\/v2\/categories?post=167676"},{"taxonomy":"post_tag","embeddable":true,"href":"https:\/\/www.stuwo.at\/en\/wp-json\/wp\/v2\/tags?post=167676"}],"curies":[{"name":"wp","href":"https:\/\/api.w.org\/{rel}","templated":true}]}}