{"id":174671,"date":"2025-05-22T10:00:08","date_gmt":"2025-05-22T08:00:08","guid":{"rendered":"https:\/\/www.stuwo.at\/?p=174671"},"modified":"2026-04-22T13:43:30","modified_gmt":"2026-04-22T11:43:30","slug":"pride-month-salzburg","status":"publish","type":"post","link":"https:\/\/www.stuwo.at\/en\/blog\/pride-month-salzburg\/","title":{"rendered":"Pride Salzburg: The Pride Festival in Salzburg at a glance"},"content":{"rendered":"<div id='av-layout-grid-1'  class='av-layout-grid-container av-3vcb7pts-3cbcf33726892a21803924ce38cf5a9d entry-content-wrapper main_color av-flex-cells av-break-at-tablet  avia-builder-el-0  el_before_av_section  avia-builder-el-first   container_wrap sidebar_right'  >\n\n<style type=\"text\/css\" data-created_by=\"avia_inline_auto\" id=\"style-css-av-maz06632-32bbebab1a37b3ec0d49de03e97d74c4\">\n.flex_cell.av-maz06632-32bbebab1a37b3ec0d49de03e97d74c4{\nvertical-align:top;\nbackground:url(https:\/\/www.stuwo.at\/wp-content\/uploads\/2025\/05\/csd-salzbug.jpg) 50% 50% no-repeat scroll ;\n}\n.responsive #top #wrap_all .flex_cell.av-maz06632-32bbebab1a37b3ec0d49de03e97d74c4{\npadding:30px 30px 30px 30px !important;\n}\n<\/style>\n<div class='flex_cell av-maz06632-32bbebab1a37b3ec0d49de03e97d74c4 av-gridrow-cell av_one_half no_margin  avia-builder-el-1  el_before_av_cell_one_half  avia-builder-el-first  avia-full-stretch'  ><div class='flex_cell_inner'>\n<style type=\"text\/css\" data-created_by=\"avia_inline_auto\" id=\"style-css-av-3tqe7pc0-88c3f648170c1fef9142b081197ada70\">\n#top .hr.hr-invisible.av-3tqe7pc0-88c3f648170c1fef9142b081197ada70{\nheight:150px;\n}\n<\/style>\n<div  class='hr av-3tqe7pc0-88c3f648170c1fef9142b081197ada70 hr-invisible  avia-builder-el-2  avia-builder-el-no-sibling '><span class='hr-inner '><span class=\"hr-inner-style\"><\/span><\/span><\/div>\n<\/div><\/div>\n<style type=\"text\/css\" data-created_by=\"avia_inline_auto\" id=\"style-css-av-3n8bad1c-970bbd6cc522335748eb4ea1b93bb7b2\">\n.flex_cell.av-3n8bad1c-970bbd6cc522335748eb4ea1b93bb7b2{\nvertical-align:top;\n}\n.responsive #top #wrap_all .flex_cell.av-3n8bad1c-970bbd6cc522335748eb4ea1b93bb7b2{\npadding:30px 30px 30px 30px !important;\n}\n<\/style>\n<div class='flex_cell av-3n8bad1c-970bbd6cc522335748eb4ea1b93bb7b2 av-gridrow-cell av_one_half no_margin  avia-builder-el-3  el_after_av_cell_one_half  avia-builder-el-last '  ><div class='flex_cell_inner'><p>\n<style type=\"text\/css\" data-created_by=\"avia_inline_auto\" id=\"style-css-av-mayzaq4n-f32a08d552b3467ae2bfb0bded424528\">\n#top .av-special-heading.av-mayzaq4n-f32a08d552b3467ae2bfb0bded424528{\npadding-bottom:0;\n}\nbody .av-special-heading.av-mayzaq4n-f32a08d552b3467ae2bfb0bded424528 .av-special-heading-tag .heading-char{\nfont-size:25px;\n}\n.av-special-heading.av-mayzaq4n-f32a08d552b3467ae2bfb0bded424528 .av-subheading{\nfont-size:15px;\n}\n<\/style>\n<div  class='av-special-heading av-mayzaq4n-f32a08d552b3467ae2bfb0bded424528 av-special-heading-h1 blockquote modern-quote  avia-builder-el-4  el_before_av_hr  avia-builder-el-first '><h1 class='av-special-heading-tag '  itemprop=\"headline\"  >Pride Salzburg: The Pride Festival in Salzburg at a glance<\/h1><div class=\"special-heading-border\"><div class=\"special-heading-inner-border\"><\/div><\/div><\/div><br \/>\n\n<style type=\"text\/css\" data-created_by=\"avia_inline_auto\" id=\"style-css-av-3itxzg5c-a426104d12523dee7ecf722a48dca0dc\">\n#top .hr.hr-invisible.av-3itxzg5c-a426104d12523dee7ecf722a48dca0dc{\nheight:5px;\n}\n<\/style>\n<div  class='hr av-3itxzg5c-a426104d12523dee7ecf722a48dca0dc hr-invisible  avia-builder-el-5  el_after_av_heading  el_before_av_textblock '><span class='hr-inner '><span class=\"hr-inner-style\"><\/span><\/span><\/div><br \/>\n<section  class='av_textblock_section av-mayzb4fo-9f0d9bb6deec14a3b99b20a8ca002b0f '   itemscope=\"itemscope\" itemtype=\"https:\/\/schema.org\/BlogPosting\" itemprop=\"blogPost\" ><div class='avia_textblock'  itemprop=\"text\" ><p>Written by: <strong>Helene Ausserw\u00f6ger, 22.05.2025<\/strong><\/p>\n<\/div><\/section><br \/>\n<div class='flex_column_table av-3f04qc74-a0b50fbdc8a0d9c4962581ea9d37a97f sc-av_one_full av-break-at-tablet-flextable av-equal-height-column-flextable'>\n<style type=\"text\/css\" data-created_by=\"avia_inline_auto\" id=\"style-css-av-3f04qc74-a0b50fbdc8a0d9c4962581ea9d37a97f\">\n#top .flex_column_table.av-equal-height-column-flextable.av-3f04qc74-a0b50fbdc8a0d9c4962581ea9d37a97f{\nmargin-top:15px;\nmargin-bottom:0px;\n}\n.flex_column.av-3f04qc74-a0b50fbdc8a0d9c4962581ea9d37a97f{\nborder-radius:0px 0px 0px 0px;\npadding:0px 0px 0px 0px;\n}\n<\/style>\n<div  class='flex_column av-3f04qc74-a0b50fbdc8a0d9c4962581ea9d37a97f av_one_full  avia-builder-el-7  el_after_av_textblock  avia-builder-el-last  first av-break-at-tablet flex_column_table_cell av-equal-height-column av-align-top av-zero-column-padding  column-top-margin'     ><p><section  class='av_textblock_section av-mayzbfg5-464d7f2a2787b1101ebfaf50a2989275 '   itemscope=\"itemscope\" itemtype=\"https:\/\/schema.org\/BlogPosting\" itemprop=\"blogPost\" ><div class='avia_textblock'  itemprop=\"text\" ><p><span style=\"font-weight: 400;\">Since 2019, Pride in Salzburg has been celebrated both as a demonstration for equality and as a party for tolerance. Since 2022, it\u2019s not just the parade that takes place, but an entire week each year is now dedicated to visibility and openness towards the LGBTQI+ community. The Pride Festival is held across countless locations in Salzburg, bringing the city to life with a diverse program of culture, politics, and entertainment. And it draws a crowd &#8211; not just locals from Salzburg, but also numerous visitors from across Austria and abroad, all coming together to send a powerful message of love and equality.<\/span><\/p>\n<\/div><\/section><br \/>\n<section  class='av_textblock_section av-mayzdnjv-105465136ffb367ed1cd10baa928c21f '   itemscope=\"itemscope\" itemtype=\"https:\/\/schema.org\/BlogPosting\" itemprop=\"blogPost\" ><div class='avia_textblock'  itemprop=\"text\" ><p><b>Table of Contents<\/b><\/p>\n<ul>\n<li style=\"font-weight: 400;\" aria-level=\"1\"><a href=\"#Pride Salzburg 2025\"><span style=\"font-weight: 400;\">Pride Salzburg 2025<\/span><\/a><\/li>\n<li style=\"font-weight: 400;\" aria-level=\"1\"><a href=\"#History of the Pride Festival in Salzburg\"><span style=\"font-weight: 400;\">History of the Pride Festival in Salzburg<\/span><\/a><\/li>\n<li style=\"font-weight: 400;\" aria-level=\"1\"><a href=\"#How can you celebrate Pride Month in Salzburg?\"><span style=\"font-weight: 400;\">How can you celebrate Pride Month in Salzburg?<\/span><\/a><\/li>\n<li style=\"font-weight: 400;\" aria-level=\"1\"><a href=\"#Pride Parade: A key event in the year 2025\"><span style=\"font-weight: 400;\">Pride Parade: A key event in the year 2025<\/span><\/a><\/li>\n<li style=\"font-weight: 400;\" aria-level=\"1\"><a href=\"#Pride Night: A night full of diversity\"><span style=\"font-weight: 400;\">Pride Night: A night full of diversity<\/span><\/a><\/li>\n<li style=\"font-weight: 400;\" aria-level=\"1\"><span style=\"font-weight: 400;\"><a href=\"#LQBTQI+ Bars &amp; Clubs in Salzburg - Community friendly Hotspots\">LQBTQI+ Bars &amp; Clubs in Salzburg &#8211; Community friendly Hotspots<\/a><br \/>\n<\/span><\/li>\n<\/ul>\n<\/div><\/section><\/p><\/div><\/div><!--close column table wrapper. Autoclose: 1 --><\/p>\n<\/div><\/div>\n<\/div>\n<div id='av_section_1'  class='avia-section av-3ad87r5s-c8a17a718376392cb86f030bdb1b0b49 main_color avia-section-default avia-shadow  avia-builder-el-10  el_after_av_layout_row  el_before_av_section  avia-bg-style-scroll container_wrap sidebar_right'  ><div class='container av-section-cont-open' ><div class='template-page content  av-content-small alpha units'><div class='post-entry post-entry-type-page post-entry-174671'><div class='entry-content-wrapper clearfix'>\n\n<style type=\"text\/css\" data-created_by=\"avia_inline_auto\" id=\"style-css-av-bewrr28-9f0393e237ba97458136f0d91d90e62f\">\n.flex_column.av-bewrr28-9f0393e237ba97458136f0d91d90e62f{\nborder-radius:0px 0px 0px 0px;\npadding:0px 0px 0px 0px;\n}\n<\/style>\n<div  class='flex_column av-bewrr28-9f0393e237ba97458136f0d91d90e62f av_one_full  avia-builder-el-11  el_before_av_hr  avia-builder-el-first  first flex_column_div av-zero-column-padding  '     ><section  class='av_textblock_section av-mayzef8g-e5f98156af58fa6e4002a681671aa8fe '   itemscope=\"itemscope\" itemtype=\"https:\/\/schema.org\/BlogPosting\" itemprop=\"blogPost\" ><div class='avia_textblock'  itemprop=\"text\" ><h2 id=\"Pride Salzburg 2025\"><span style=\"font-weight: 400;\">Pride Salzburg 2025<\/span><\/h2>\n<p><span style=\"font-weight: 400;\">From August 29th to September 7th, 2025, it\u2019s once again time for Pride, protest, and party in Salzburg! During these exciting days, numerous events and activities will be organised for, by, and with the LGBTQI+ community. From informative workshops to cultural highlights and the big Pride Parade on September 6th &#8211; this is your chance to celebrate diversity, connect with others, and stand up for equality. Don\u2019t miss this colourful celebration of love and inclusion!<\/span><\/p>\n<\/div><\/section><\/div><div  class='hr av-2ynrp6ww-0ff3fc3b3a8a1554b06316694e6359c8 hr-short  avia-builder-el-13  el_after_av_one_full  el_before_av_one_full  hr-left'><span class='hr-inner '><span class=\"hr-inner-style\"><\/span><\/span><\/div>\n\n<style type=\"text\/css\" data-created_by=\"avia_inline_auto\" id=\"style-css-av-2wja3e2o-ffca9384b21ef62fa1ee94f757f1b000\">\n.flex_column.av-2wja3e2o-ffca9384b21ef62fa1ee94f757f1b000{\nborder-radius:0px 0px 0px 0px;\npadding:0px 0px 0px 0px;\n}\n<\/style>\n<div  class='flex_column av-2wja3e2o-ffca9384b21ef62fa1ee94f757f1b000 av_one_full  avia-builder-el-14  el_after_av_hr  el_before_av_one_full  first flex_column_div av-zero-column-padding  '     ><section  class='av_textblock_section av-mayzeu29-4eab86066e6a663e3a595a99d9e3797f '   itemscope=\"itemscope\" itemtype=\"https:\/\/schema.org\/BlogPosting\" itemprop=\"blogPost\" ><div class='avia_textblock'  itemprop=\"text\" ><h2 id=\"History of the Pride Festival in Salzburg\"><span style=\"font-weight: 400;\">History of the Pride Festival in Salzburg<\/span><\/h2>\n<p><span style=\"font-weight: 400;\">This year, the Pride Festival Salzburg is taking place for the fourth time in a row &#8211; and it continues to grow each year. Since it first kicked off in 2022, not only has the number of events increased, but also the number of participants. Today, the Pride Festival is a firmly established part of Salzburg\u2019s event calendar \u2013 more visible, louder, and more colourful than ever before.<\/span><\/p>\n<\/div><\/section><\/div>\n<style type=\"text\/css\" data-created_by=\"avia_inline_auto\" id=\"style-css-av-2s7di2bk-09c66a07d40c39bf045baa976eecb133\">\n.flex_column.av-2s7di2bk-09c66a07d40c39bf045baa976eecb133{\nborder-radius:0px 0px 0px 0px;\npadding:0px 0px 0px 0px;\n}\n<\/style>\n<div  class='flex_column av-2s7di2bk-09c66a07d40c39bf045baa976eecb133 av_one_full  avia-builder-el-16  el_after_av_one_full  el_before_av_one_half  first flex_column_div av-zero-column-padding  column-top-margin'     ><section  class='av_textblock_section av-mayzf9sj-92e1e4b15a9fab57fbd1fd1031851833 '   itemscope=\"itemscope\" itemtype=\"https:\/\/schema.org\/BlogPosting\" itemprop=\"blogPost\" ><div class='avia_textblock'  itemprop=\"text\" ><h3><span style=\"font-weight: 400;\">Pride Week Salzburg 2022<\/span><\/h3>\n<p><span style=\"font-weight: 400;\">2022 marked a true milestone for Pride in Salzburg: for the first time, it wasn\u2019t just a single parade day being celebrated \u2013 as it had been since the very first Pride Parade in 2019 \u2013 but an entire Pride Week was introduced, packed with events, workshops, parties, and political actions. And the new concept was a full success: around 5,000 people joined the parade \u2013 nearly twice as many as the year before. And we were right in the middle of it all!<\/span><\/p>\n<p><span style=\"font-weight: 400;\">We were especially impressed by the tour \u201cIn the Footsteps of Queer History through the City\u201d &#8211; and discovering queer connections in the Salzburg Museum\u2019s collection made the week truly unique. Sure, the planned moment of silence and rally fell through due to the weather, but the good vibes stayed strong. The parade carried on through the city as planned and ended on a high note with an unforgettable Pride Night.<\/span><\/p>\n<p><span style=\"font-weight: 400;\">Pride Night was without a doubt the highlight of the week for us. The moment Gigi La Pajette and her fellow drag queens hit the catwalk, it was clear: this night was going to be legendary. The atmosphere was electric &#8211; singing, dancing, cheering &#8211; pure queer joy all around. Later, the party moved downstairs to the ARGEStudio for the fetish and leather clubbing, where DJ Ambj\u00f6rn S\u00f6derberg from Oslo shook the basement walls with his darkroom beats.<\/span><\/p>\n<\/div><\/section><\/div><div class='flex_column_table av-maz15b1f-ce8dce8ddbc6f0c81cb63a7b13ca3c62 sc-av_one_half av-equal-height-column-flextable'>\n<style type=\"text\/css\" data-created_by=\"avia_inline_auto\" id=\"style-css-av-maz15b1f-ce8dce8ddbc6f0c81cb63a7b13ca3c62\">\n.flex_column.av-maz15b1f-ce8dce8ddbc6f0c81cb63a7b13ca3c62{\nborder-radius:0px 0px 0px 0px;\npadding:0px 0px 30px 0px;\n}\n<\/style>\n<div  class='flex_column av-maz15b1f-ce8dce8ddbc6f0c81cb63a7b13ca3c62 av_one_half  avia-builder-el-18  el_after_av_one_full  el_before_av_one_half  first flex_column_table_cell av-equal-height-column av-align-middle  column-top-margin'     ><section  class='av_textblock_section av-mayzghfr-16b843c5440beb4e03a7efad6ebe5450 '   itemscope=\"itemscope\" itemtype=\"https:\/\/schema.org\/BlogPosting\" itemprop=\"blogPost\" ><div class='avia_textblock'  itemprop=\"text\" ><h3><span style=\"font-weight: 400;\">CSD Salzburg 2023<\/span><\/h3>\n<p><span style=\"font-weight: 400;\">CSD Salzburg 2023 was just as unforgettable as the year before, once again transforming the city into a vibrant celebration of love, diversity, and equality. The Pride Week kicked off with a spectacular brunch, where Gigi La Pajette and her fellow drag queens wowed us with a dazzling show on the 14th floor of the arte Hotel. From there, the colourful program continued: the queer pub quiz brought laughter, lively debates, and plenty of fun, the Pride Night Kitchen Club invited everyone to cook together, and comic legend Ralf K\u00f6nig gave a fascinating talk about queer emancipation and his body of work.<\/span><\/p>\n<p><span style=\"font-weight: 400;\">The absolute highlight was the Pride Parade on September 2nd, when we marched through Salzburg\u2019s city centre alongside thousands of others. Even a brief fire alarm towards the end couldn\u2019t disturb the mood and we danced the night away at the Pride Night in full spirit. CSD Salzburg 2023 was another powerful statement for a colourful, diverse, and inclusive society.<\/span><\/p>\n<\/div><\/section><br \/>\n\n<style type=\"text\/css\" data-created_by=\"avia_inline_auto\" id=\"style-css-av-maz154kp-4d5cbc8b28c9b5d3e388d2b87f616b3a\">\n.avia-image-container.av-maz154kp-4d5cbc8b28c9b5d3e388d2b87f616b3a img.avia_image{\nbox-shadow:none;\n}\n.avia-image-container.av-maz154kp-4d5cbc8b28c9b5d3e388d2b87f616b3a .av-image-caption-overlay-center{\ncolor:#ffffff;\n}\n<\/style>\n<div  class='avia-image-container av-maz154kp-4d5cbc8b28c9b5d3e388d2b87f616b3a av-styling- avia-align-center  avia-builder-el-20  el_after_av_textblock  avia-builder-el-last  av-desktop-hide av-medium-hide av-has-copyright av-copyright-always'   itemprop=\"image\" itemscope=\"itemscope\" itemtype=\"https:\/\/schema.org\/ImageObject\" ><div class=\"avia-image-container-inner\"><div class=\"avia-image-overlay-wrap\"><img decoding=\"async\" fetchpriority=\"high\" class='wp-image-174665 avia-img-lazy-loading-not-174665 avia_image ' src=\"https:\/\/www.stuwo.at\/wp-content\/uploads\/2025\/05\/pride-brunch-2024.jpg\" alt='' title='pride brunch 2024'  height=\"576\" width=\"768\"  itemprop=\"thumbnailUrl\" srcset=\"https:\/\/www.stuwo.at\/wp-content\/uploads\/2025\/05\/pride-brunch-2024.jpg 768w, https:\/\/www.stuwo.at\/wp-content\/uploads\/2025\/05\/pride-brunch-2024-300x225.jpg 300w, https:\/\/www.stuwo.at\/wp-content\/uploads\/2025\/05\/pride-brunch-2024-705x529.jpg 705w\" sizes=\"(max-width: 768px) 100vw, 768px\" \/><\/div><small class=\"avia-copyright\">Delicious food meets glam - meets glam \u2013 drag performances are included at the Queer Brunch! \u00a9queersalzburg.at<\/small><\/div><\/div><\/p><\/div><div class='av-flex-placeholder'><\/div>\n<style type=\"text\/css\" data-created_by=\"avia_inline_auto\" id=\"style-css-av-maz14voe-3b00a4a4e2f3e8a76d9533042036191a\">\n.flex_column.av-maz14voe-3b00a4a4e2f3e8a76d9533042036191a{\nborder-radius:0px 0px 0px 0px;\npadding:0px 0px 30px 0px;\n}\n<\/style>\n<div  class='flex_column av-maz14voe-3b00a4a4e2f3e8a76d9533042036191a av_one_half  avia-builder-el-21  el_after_av_one_half  el_before_av_one_full  flex_column_table_cell av-equal-height-column av-align-middle  column-top-margin'     ><style type=\"text\/css\" data-created_by=\"avia_inline_auto\" id=\"style-css-av-maz0ojpx-3e53220b2b04fbfa683881199097805a\">\n.avia-image-container.av-maz0ojpx-3e53220b2b04fbfa683881199097805a img.avia_image{\nbox-shadow:none;\n}\n.avia-image-container.av-maz0ojpx-3e53220b2b04fbfa683881199097805a .av-image-caption-overlay-center{\ncolor:#ffffff;\n}\n<\/style>\n<div  class='avia-image-container av-maz0ojpx-3e53220b2b04fbfa683881199097805a av-styling- avia-align-center  avia-builder-el-22  avia-builder-el-no-sibling  av-small-hide av-mini-hide av-has-copyright av-copyright-always'   itemprop=\"image\" itemscope=\"itemscope\" itemtype=\"https:\/\/schema.org\/ImageObject\" ><div class=\"avia-image-container-inner\"><div class=\"avia-image-overlay-wrap\"><img decoding=\"async\" fetchpriority=\"high\" class='wp-image-174665 avia-img-lazy-loading-not-174665 avia_image ' src=\"https:\/\/www.stuwo.at\/wp-content\/uploads\/2025\/05\/pride-brunch-2024.jpg\" alt='' title='pride brunch 2024'  height=\"576\" width=\"768\"  itemprop=\"thumbnailUrl\" srcset=\"https:\/\/www.stuwo.at\/wp-content\/uploads\/2025\/05\/pride-brunch-2024.jpg 768w, https:\/\/www.stuwo.at\/wp-content\/uploads\/2025\/05\/pride-brunch-2024-300x225.jpg 300w, https:\/\/www.stuwo.at\/wp-content\/uploads\/2025\/05\/pride-brunch-2024-705x529.jpg 705w\" sizes=\"(max-width: 768px) 100vw, 768px\" \/><\/div><small class=\"avia-copyright\">Delicious food meets glam - meets glam \u2013 drag performances are included at the Queer Brunch! \u00a9queersalzburg.at<\/small><\/div><\/div><\/div><\/div><!--close column table wrapper. Autoclose: 1 -->\n<style type=\"text\/css\" data-created_by=\"avia_inline_auto\" id=\"style-css-av-2m6icyrk-9a3767e5ab5f33f9def8ee41ecd5f52c\">\n.flex_column.av-2m6icyrk-9a3767e5ab5f33f9def8ee41ecd5f52c{\nborder-radius:0px 0px 0px 0px;\npadding:0px 0px 0px 0px;\n}\n<\/style>\n<div  class='flex_column av-2m6icyrk-9a3767e5ab5f33f9def8ee41ecd5f52c av_one_full  avia-builder-el-23  el_after_av_one_half  el_before_av_hr  first flex_column_div av-zero-column-padding  column-top-margin'     ><section  class='av_textblock_section av-mayzh9ac-9c98024a3cd4045c5e499c3477527630 '   itemscope=\"itemscope\" itemtype=\"https:\/\/schema.org\/BlogPosting\" itemprop=\"blogPost\" ><div class='avia_textblock'  itemprop=\"text\" ><h3><span style=\"font-weight: 400;\">Pride Festival Salzburg 2024<\/span><\/h3>\n<p><span style=\"font-weight: 400;\">From August 30th to September 8th, 2024, Salzburg hosted its third consecutive Pride Week. Some of our personal highlights included the Pride Picnic in Hans-Donnenberg-Park, the moving queer opera by British composer Iain Bell, and the Queer Lounge on the rooftop of the arte Hotel. One moment that really stayed with us was the ecumenical queer church service in the Kollegienkirche. It was deeply moving to witness representatives of different churches coming together in a shared prayer for acceptance \u2013 a powerful symbol of unity.<\/span><\/p>\n<p><span style=\"font-weight: 400;\">Of course, the grand finale was once again the Pride Parade and Pride Night on September 7th. Together with thousands of people, we marched through the city to make a strong statement for equality and visibility. Afterwards, the celebration continued at Pride Night in the ARGEkultur \u2013 a joyful evening that embodied everything this incredible week stood for.<\/span><\/p>\n<\/div><\/section><\/div><div  class='hr av-2is5s5fk-01c0c903d02e57163e32edabf079ed26 hr-short  avia-builder-el-25  el_after_av_one_full  el_before_av_one_full  hr-left'><span class='hr-inner '><span class=\"hr-inner-style\"><\/span><\/span><\/div>\n\n<style type=\"text\/css\" data-created_by=\"avia_inline_auto\" id=\"style-css-av-2cxp1szk-8a3b872f7708fcccac226b2334458a69\">\n.flex_column.av-2cxp1szk-8a3b872f7708fcccac226b2334458a69{\nborder-radius:0px 0px 0px 0px;\npadding:0px 0px 0px 0px;\n}\n<\/style>\n<div  class='flex_column av-2cxp1szk-8a3b872f7708fcccac226b2334458a69 av_one_full  avia-builder-el-26  el_after_av_hr  el_before_av_hr  first flex_column_div av-zero-column-padding  '     ><section  class='av_textblock_section av-mayziwzb-47dd13885e93d151729d5f086448fd70 '   itemscope=\"itemscope\" itemtype=\"https:\/\/schema.org\/BlogPosting\" itemprop=\"blogPost\" ><div class='avia_textblock'  itemprop=\"text\" ><h2 id=\"How can you celebrate Pride Month in Salzburg?\"><span style=\"font-weight: 400;\">How can you celebrate Pride Month in Salzburg?<\/span><\/h2>\n<p><span style=\"font-weight: 400;\">Pride Month is the perfect time to join other open-minded, joyful people in celebrating diversity \u2013 and Salzburg is no exception! Whether it\u2019s parties, workshops, or political actions, you\u2019ll find all the latest info about CSD Salzburg 2025 events at<\/span><a href=\"https:\/\/queersalzburg.at\/events\" target=\"_blank\" rel=\"noopener\"> <span style=\"font-weight: 400;\">queersalzburg.at\/events<\/span><\/a><span style=\"font-weight: 400;\"> and on the <\/span><a href=\"https:\/\/www.instagram.com\/pridefestivalsalzburg\/\" target=\"_blank\" rel=\"noopener\"><span style=\"font-weight: 400;\">Pride Festival Salzburg Instagram<\/span><\/a><span style=\"font-weight: 400;\"> page.<\/span><\/p>\n<p><span style=\"font-weight: 400;\">But you can also celebrate Pride Month in your everyday life: add some colour to your world \u2013 and your wardrobe! A little rainbow always works, whether it\u2019s on a shirt, button, or flag.<\/span><\/p>\n<p><span style=\"font-weight: 400;\">Another way to support the community is by getting involved. Donate or volunteer! Organizations like <\/span><a href=\"https:\/\/hosi.or.at\/pride\/\" target=\"_blank\" rel=\"noopener\"><span style=\"font-weight: 400;\">HOSI Salzburg<\/span><\/a><span style=\"font-weight: 400;\"> welcome all kinds of support \u2013 whether financial or through your time and energy.<\/span><\/p>\n<p><span style=\"font-weight: 400;\">Want to learn more about queer history in Salzburg? Sign up for a <\/span><a href=\"https:\/\/www.queersalzburg.at\/salzburg-queer\/queere-stadtfuehrung\/\" target=\"_blank\" rel=\"noopener\"><span style=\"font-weight: 400;\">queer city tour<\/span><\/a><span style=\"font-weight: 400;\"> and discover the traces of LGBTQIA+ life throughout the old town. Queer literature, films, music, and art are also great ways to engage with LGBTQIA+ topics and give queer voices the attention they deserve.<\/span><\/p>\n<\/div><\/section><\/div><div  class='hr av-2anqdiww-2d94a74245ff4298dbf25cd9d6a9fdd9 hr-short  avia-builder-el-28  el_after_av_one_full  el_before_av_one_half  hr-left'><span class='hr-inner '><span class=\"hr-inner-style\"><\/span><\/span><\/div>\n<div class='flex_column_table av-maz13ejx-057bb2924ea1488678348a38f65864ec sc-av_one_half av-equal-height-column-flextable'>\n<style type=\"text\/css\" data-created_by=\"avia_inline_auto\" id=\"style-css-av-maz13ejx-057bb2924ea1488678348a38f65864ec\">\n.flex_column.av-maz13ejx-057bb2924ea1488678348a38f65864ec{\nborder-radius:0px 0px 0px 0px;\npadding:0px 0px 30px 0px;\n}\n<\/style>\n<div  class='flex_column av-maz13ejx-057bb2924ea1488678348a38f65864ec av_one_half  avia-builder-el-29  el_after_av_hr  el_before_av_one_half  first flex_column_table_cell av-equal-height-column av-align-middle  '     ><style type=\"text\/css\" data-created_by=\"avia_inline_auto\" id=\"style-css-av-maz0irhe-c94d59dd30b0548e81430762d576dcd1\">\n.avia-image-container.av-maz0irhe-c94d59dd30b0548e81430762d576dcd1 img.avia_image{\nbox-shadow:none;\n}\n.avia-image-container.av-maz0irhe-c94d59dd30b0548e81430762d576dcd1 .av-image-caption-overlay-center{\ncolor:#ffffff;\n}\n<\/style>\n<div  class='avia-image-container av-maz0irhe-c94d59dd30b0548e81430762d576dcd1 av-styling- avia-align-center  avia-builder-el-30  avia-builder-el-no-sibling  av-small-hide av-mini-hide av-has-copyright av-copyright-always'   itemprop=\"image\" itemscope=\"itemscope\" itemtype=\"https:\/\/schema.org\/ImageObject\" ><div class=\"avia-image-container-inner\"><div class=\"avia-image-overlay-wrap\"><img decoding=\"async\" fetchpriority=\"high\" class='wp-image-174662 avia-img-lazy-loading-not-174662 avia_image ' src=\"https:\/\/www.stuwo.at\/wp-content\/uploads\/2025\/05\/pride-salzburg_hosi.jpg\" alt='' title='pride salzburg_hosi'  height=\"634\" width=\"950\"  itemprop=\"thumbnailUrl\" srcset=\"https:\/\/www.stuwo.at\/wp-content\/uploads\/2025\/05\/pride-salzburg_hosi.jpg 950w, https:\/\/www.stuwo.at\/wp-content\/uploads\/2025\/05\/pride-salzburg_hosi-300x200.jpg 300w, https:\/\/www.stuwo.at\/wp-content\/uploads\/2025\/05\/pride-salzburg_hosi-768x513.jpg 768w, https:\/\/www.stuwo.at\/wp-content\/uploads\/2025\/05\/pride-salzburg_hosi-705x470.jpg 705w\" sizes=\"(max-width: 950px) 100vw, 950px\" \/><\/div><small class=\"avia-copyright\">Colorful, loud, and full of love \u2013 that\u2019s how the Pride Parade marches through Salzburg! \u00a9HOSI-Salzburg\/Roclo Escabosa<\/small><\/div><\/div><\/div><div class='av-flex-placeholder'><\/div>\n<style type=\"text\/css\" data-created_by=\"avia_inline_auto\" id=\"style-css-av-maz141ob-bf40a882dc7b5f12fad9742989287fb6\">\n.flex_column.av-maz141ob-bf40a882dc7b5f12fad9742989287fb6{\nborder-radius:0px 0px 0px 0px;\npadding:0px 0px 30px 0px;\n}\n<\/style>\n<div  class='flex_column av-maz141ob-bf40a882dc7b5f12fad9742989287fb6 av_one_half  avia-builder-el-31  el_after_av_one_half  el_before_av_hr  flex_column_table_cell av-equal-height-column av-align-middle  '     ><section  class='av_textblock_section av-mayzjs9d-117ae1b505753f80894273db475228a5 '   itemscope=\"itemscope\" itemtype=\"https:\/\/schema.org\/BlogPosting\" itemprop=\"blogPost\" ><div class='avia_textblock'  itemprop=\"text\" ><h2 id=\"Pride Parade: A key event in the year 2025\"><span style=\"font-weight: 400;\">Pride Parade: A key event in the year 2025<\/span><\/h2>\n<p><span style=\"font-weight: 400;\">On September 6th, 2025, it\u2019s happening again: for the seventh year in a row, the Pride Parade will fill the streets of Salzburg with colour, energy, and visibility. You are allowed to celebrate and it is going to be joyful, vibrant, and full of life. But above all it\u2019s so much more than just a party, it\u2019s\u00a0 a demonstration for acceptance, equality, and tolerance.<\/span><\/p>\n<p><span style=\"font-weight: 400;\">The parade winds its way through the city, making several stops along the way \u2013 including iconic spots like Schloss Mirabell and the Staatsbr\u00fccke. You don\u2019t need to register to join: just show up, bring your friends, dress in rainbow colours, and carry your signs or statements to make visibility count!<\/span><\/p>\n<ul>\n<li style=\"font-weight: 400;\" aria-level=\"1\"><b>Meeting point:<\/b><span style=\"font-weight: 400;\"> 4pm at Salzburg Main Station<\/span><\/li>\n<li style=\"font-weight: 400;\" aria-level=\"1\"><b>Parade starts:<\/b><span style=\"font-weight: 400;\"> 5pm<\/span><\/li>\n<li style=\"font-weight: 400;\" aria-level=\"1\"><b>Closing rally:<\/b><span style=\"font-weight: 400;\"> 7pm at ARGEkultur, followed by the start of Pride Night<\/span><\/li>\n<\/ul>\n<p><span style=\"font-weight: 400;\">You can find all the latest updates on the route and the full program <\/span><a href=\"https:\/\/stpride.at\/veranstaltungen\/pride-parade-salzburg\/\" target=\"_blank\" rel=\"noopener\"><span style=\"font-weight: 400;\">here!<\/span><\/a><\/p>\n<\/div><\/section><br \/>\n\n<style type=\"text\/css\" data-created_by=\"avia_inline_auto\" id=\"style-css-av-maz13upx-becd3f6c5a22fcb8511f7a6ef4d84e8c\">\n.avia-image-container.av-maz13upx-becd3f6c5a22fcb8511f7a6ef4d84e8c img.avia_image{\nbox-shadow:none;\n}\n.avia-image-container.av-maz13upx-becd3f6c5a22fcb8511f7a6ef4d84e8c .av-image-caption-overlay-center{\ncolor:#ffffff;\n}\n<\/style>\n<div  class='avia-image-container av-maz13upx-becd3f6c5a22fcb8511f7a6ef4d84e8c av-styling- avia-align-center  avia-builder-el-33  el_after_av_textblock  avia-builder-el-last  av-desktop-hide av-medium-hide av-has-copyright av-copyright-always'   itemprop=\"image\" itemscope=\"itemscope\" itemtype=\"https:\/\/schema.org\/ImageObject\" ><div class=\"avia-image-container-inner\"><div class=\"avia-image-overlay-wrap\"><img decoding=\"async\" fetchpriority=\"high\" class='wp-image-174662 avia-img-lazy-loading-not-174662 avia_image ' src=\"https:\/\/www.stuwo.at\/wp-content\/uploads\/2025\/05\/pride-salzburg_hosi.jpg\" alt='' title='pride salzburg_hosi'  height=\"634\" width=\"950\"  itemprop=\"thumbnailUrl\" srcset=\"https:\/\/www.stuwo.at\/wp-content\/uploads\/2025\/05\/pride-salzburg_hosi.jpg 950w, https:\/\/www.stuwo.at\/wp-content\/uploads\/2025\/05\/pride-salzburg_hosi-300x200.jpg 300w, https:\/\/www.stuwo.at\/wp-content\/uploads\/2025\/05\/pride-salzburg_hosi-768x513.jpg 768w, https:\/\/www.stuwo.at\/wp-content\/uploads\/2025\/05\/pride-salzburg_hosi-705x470.jpg 705w\" sizes=\"(max-width: 950px) 100vw, 950px\" \/><\/div><small class=\"avia-copyright\">Colorful, loud, and full of love \u2013 that\u2019s how the Pride Parade marches through Salzburg! \u00a9HOSI-Salzburg\/Roclo Escabosa<\/small><\/div><\/div><\/p><\/div><\/div><!--close column table wrapper. Autoclose: 1 --><div  class='hr av-245qfcn4-996276cd1a1f61a62b0ea83cc31c115f hr-short  avia-builder-el-34  el_after_av_one_half  el_before_av_one_full  hr-left'><span class='hr-inner '><span class=\"hr-inner-style\"><\/span><\/span><\/div>\n\n<style type=\"text\/css\" data-created_by=\"avia_inline_auto\" id=\"style-css-av-1xm7paps-902de4bc6bd9278017f28333dc1d0d0b\">\n.flex_column.av-1xm7paps-902de4bc6bd9278017f28333dc1d0d0b{\nborder-radius:0px 0px 0px 0px;\npadding:0px 0px 0px 0px;\n}\n<\/style>\n<div  class='flex_column av-1xm7paps-902de4bc6bd9278017f28333dc1d0d0b av_one_full  avia-builder-el-35  el_after_av_hr  el_before_av_hr  first flex_column_div av-zero-column-padding  '     ><section  class='av_textblock_section av-mayzkmil-3409d3d4178331ff45ee965344335af7 '   itemscope=\"itemscope\" itemtype=\"https:\/\/schema.org\/BlogPosting\" itemprop=\"blogPost\" ><div class='avia_textblock'  itemprop=\"text\" ><h2 id=\"Pride Night: A night full of diversity\"><span style=\"font-weight: 400;\">Pride Night: A night full of diversity<\/span><\/h2>\n<p><span style=\"font-weight: 400;\">After the Pride Parade on September 6th, 2025, the queer joy continues into the night with Pride Night lighting up Salzburg\u2019s nightlife! If you were there last year, you know what might be in store: In 2024, ARGEkultur turned into a pulsating stage for queer performances, infectious DJ sets, and a crowd that danced into the early morning hours.<\/span><\/p>\n<p><span style=\"font-weight: 400;\">A true highlight was drag icon France Delon &#8211; at 75 years old, with dry wit and irresistible charm, she created an unforgettable atmosphere. For those needing a breather in between, the outdoor garden offered a relaxed space to chat or meet new people. And down in the basement? Things got steamy: DJ Ambj\u00f6rn S\u00f6derberg from Oslo brought the heat to the fetish clubbing floor with his driving darkroom beats.<\/span><\/p>\n<p><span style=\"font-weight: 400;\">Whether you\u2019re into drag, electro, or just looking for a safe space to dance, express yourself, and celebrate \u2013 Pride Night is for everyone!<\/span><\/p>\n<p><span style=\"font-weight: 400;\">For all the latest updates and highlights on Pride Night 2025, follow the <\/span><a href=\"https:\/\/www.instagram.com\/pridefestivalsalzburg\/\" target=\"_blank\" rel=\"noopener\"><span style=\"font-weight: 400;\">Pride Festival Salzburg Instagram<\/span><\/a><span style=\"font-weight: 400;\"> page.<\/span><\/p>\n<\/div><\/section><\/div><div  class='hr av-1sy34mww-fc191d70e3775a44b6b731842a63896e hr-short  avia-builder-el-37  el_after_av_one_full  el_before_av_one_full  hr-left'><span class='hr-inner '><span class=\"hr-inner-style\"><\/span><\/span><\/div>\n\n<style type=\"text\/css\" data-created_by=\"avia_inline_auto\" id=\"style-css-av-1r7gg30g-60a2018db5e4b3e0061abdfba71f7273\">\n.flex_column.av-1r7gg30g-60a2018db5e4b3e0061abdfba71f7273{\nborder-radius:0px 0px 0px 0px;\npadding:0px 0px 0px 0px;\n}\n<\/style>\n<div  class='flex_column av-1r7gg30g-60a2018db5e4b3e0061abdfba71f7273 av_one_full  avia-builder-el-38  el_after_av_hr  el_before_av_hr  first flex_column_div av-zero-column-padding  '     ><section  class='av_textblock_section av-mayzlk6m-c862c86dfa611b73354d231db173b2d4 '   itemscope=\"itemscope\" itemtype=\"https:\/\/schema.org\/BlogPosting\" itemprop=\"blogPost\" ><div class='avia_textblock'  itemprop=\"text\" ><h2 id=\"LQBTQI+ Bars &amp; Clubs in Salzburg - Community friendly Hotspots\"><span style=\"font-weight: 400;\">LQBTQI+ Bars &amp; Clubs in Salzburg &#8211; Community friendly Hotspots<\/span><\/h2>\n<p><span style=\"font-weight: 400;\">Whether you&#8217;re in the mood for a relaxed drink, a wild night of dancing, or connecting with the queer community \u2013 Salzburg has plenty to offer even outside of Pride Week. Especially around the Andr\u00e4viertel, you\u2019ll find some of the city\u2019s top LGBTQIA+ friendly spots:<\/span><\/p>\n<ul>\n<li style=\"font-weight: 400;\" aria-level=\"1\"><b>Academy Bar<\/b><b><br \/>\n<\/b><span style=\"font-weight: 400;\">Creative decor, a lively student vibe, and a wide beer selection \u2013 this bar is a popular hangout for live events, concerts, and laid-back conversations.<\/span><\/li>\n<li style=\"font-weight: 400;\" aria-level=\"1\"><b>Caf\u00e9 Wernbacher<\/b><b><br \/>\n<\/b><span style=\"font-weight: 400;\">A charming old Viennese-style caf\u00e9 with flair and an open spirit. Artists, intellectuals, and curious minds all come together here for inspiring encounters.<\/span><\/li>\n<li style=\"font-weight: 400;\" aria-level=\"1\"><b>Dark Eagle<\/b><b><br \/>\n<\/b><span style=\"font-weight: 400;\">Salzburg\u2019s classic fetish and cruising club \u2013 the go-to spot when things are meant to get a little hotter. Entry usually requires a specific dress code.<\/span><\/li>\n<li style=\"font-weight: 400;\" aria-level=\"1\"><b>Fungo\u2019s Bar<\/b><b><br \/>\n<\/b><span style=\"font-weight: 400;\">A cosy, alternative bar with living-room vibes \u2013 home to a colourful, queer-friendly, and creative crowd and laid-back vibes.<\/span><\/li>\n<li style=\"font-weight: 400;\" aria-level=\"1\"><b>HOSI Bar<\/b><b><br \/>\n<\/b><span style=\"font-weight: 400;\">Run by the Homosexuelle Initiative Salzburg (Homosexual Initiative Salzburg), this bar hosts regular events like karaoke nights, pub quizzes, women\u2019s parties, and monthly fetish evenings. It\u2019s also a key info hub for all things queer in Salzburg.<\/span><\/li>\n<li style=\"font-weight: 400;\" aria-level=\"1\"><b>Mexxx Gaybar<\/b><b><br \/>\n<\/b><span style=\"font-weight: 400;\">Arguably the most well-known gay bar in town \u2013 colourful, loud, and a true safe space for queer night owls. Sometimes they also host fun theme parties!<\/span><\/li>\n<\/ul>\n<p><span style=\"font-weight: 400;\">For a full overview of queer bars, clubs, and restaurants in Salzburg, visit <\/span><a href=\"https:\/\/queersalzburg.at\" target=\"_blank\" rel=\"noopener\"><span style=\"font-weight: 400;\">queersalzburg.at<\/span><\/a><span style=\"font-weight: 400;\">.<\/span><\/p>\n<\/div><\/section><\/div><div  class='hr av-1mnexhmo-fd2d8aa1c44f1e112166ad3e81d2f744 hr-short  avia-builder-el-40  el_after_av_one_full  el_before_av_one_full  hr-left'><span class='hr-inner '><span class=\"hr-inner-style\"><\/span><\/span><\/div>\n\n<style type=\"text\/css\" data-created_by=\"avia_inline_auto\" id=\"style-css-av-1gjhn75s-43532bd782a43290797dc17ed6672c80\">\n.flex_column.av-1gjhn75s-43532bd782a43290797dc17ed6672c80{\nborder-radius:0px 0px 0px 0px;\npadding:0px 0px 0px 0px;\n}\n<\/style>\n<div  class='flex_column av-1gjhn75s-43532bd782a43290797dc17ed6672c80 av_one_full  avia-builder-el-41  el_after_av_hr  avia-builder-el-last  first flex_column_div av-zero-column-padding  '     ><section  class='av_textblock_section av-mayzm4em-90a096f3ebccfab13bdd659b2f213a85 '   itemscope=\"itemscope\" itemtype=\"https:\/\/schema.org\/BlogPosting\" itemprop=\"blogPost\" ><div class='avia_textblock'  itemprop=\"text\" ><p><span style=\"font-weight: 400;\">The Pride Festival in Salzburg is more than just a colourful parade \u2013 it&#8217;s a powerful statement for acceptance, diversity, and queer visibility. Year after year, the program grows \u2013 and so does the number of participants. Salzburg proves that queer culture belongs at the very heart of the city.<\/span><\/p>\n<p><span style=\"font-weight: 400;\">If you\u2019re questioning your sexual orientation or gender identity and need someone to talk to, you\u2019ll also find <\/span><a href=\"https:\/\/www.stuwo.at\/en\/blog\/queer-in-vienna\/\" target=\"_blank\" rel=\"noopener\"><span style=\"font-weight: 400;\">LGBTQIA+ support services<\/span><\/a><span style=\"font-weight: 400;\"> listed there. You\u2019re not alone.<\/span><\/p>\n<\/div><\/section><\/div>\n\n<\/div><\/div><\/div><!-- close content main div --><\/div><\/div>\n<style type=\"text\/css\" data-created_by=\"avia_inline_auto\" id=\"style-css-av-1csh0cg0-d005c26295e549332ba8189a24d2b7ad\">\n.avia-section.av-1csh0cg0-d005c26295e549332ba8189a24d2b7ad{\nbackground-repeat:no-repeat;\nbackground-image:url(https:\/\/www.stuwo.at\/wp-content\/uploads\/2019\/08\/2000x600px_2b-1500x430.jpg);\nbackground-position:50% 50%;\nbackground-attachment:fixed;\n}\n.avia-section.av-1csh0cg0-d005c26295e549332ba8189a24d2b7ad .av-section-color-overlay{\nopacity:0.4;\nbackground-color:#000000;\n}\n<\/style>\n<div id='kontakt-fullscreen'  class='avia-section av-1csh0cg0-d005c26295e549332ba8189a24d2b7ad alternate_color avia-section-huge avia-no-border-styling  avia-builder-el-43  el_after_av_section  avia-builder-el-last  avia-full-stretch avia-bg-style-fixed av-section-color-overlay-active container_wrap sidebar_right'  data-section-bg-repeat='stretch'><div class=\"av-section-color-overlay-wrap\"><div class=\"av-section-color-overlay\"><\/div><div class='container av-section-cont-open' ><div class='template-page content  av-content-small alpha units'><div class='post-entry post-entry-type-page post-entry-174671'><div class='entry-content-wrapper clearfix'>\n\n<style type=\"text\/css\" data-created_by=\"avia_inline_auto\" id=\"style-css-av-19ncneo0-f99a7f6697f6bf24446dd827375207e7\">\n.flex_column.av-19ncneo0-f99a7f6697f6bf24446dd827375207e7{\nborder-radius:0px 0px 0px 0px;\npadding:0px 0px 0px 0px;\n}\n<\/style>\n<div  class='flex_column av-19ncneo0-f99a7f6697f6bf24446dd827375207e7 av_one_full  avia-builder-el-44  el_before_av_one_half  avia-builder-el-first  first flex_column_div av-zero-column-padding  '     ><p>\n<style type=\"text\/css\" data-created_by=\"avia_inline_auto\" id=\"style-css-av-3zsac3k-0e4ed82394aad3f543f08700da26f01c\">\n#top .av-special-heading.av-3zsac3k-0e4ed82394aad3f543f08700da26f01c{\npadding-bottom:20px;\ncolor:#ffffff;\nfont-size:40px;\n}\nbody .av-special-heading.av-3zsac3k-0e4ed82394aad3f543f08700da26f01c .av-special-heading-tag .heading-char{\nfont-size:25px;\n}\n#top #wrap_all .av-special-heading.av-3zsac3k-0e4ed82394aad3f543f08700da26f01c .av-special-heading-tag{\nfont-size:40px;\n}\n.av-special-heading.av-3zsac3k-0e4ed82394aad3f543f08700da26f01c .special-heading-inner-border{\nborder-color:#ffffff;\n}\n.av-special-heading.av-3zsac3k-0e4ed82394aad3f543f08700da26f01c .av-subheading{\nfont-size:15px;\n}\n\n@media only screen and (min-width: 480px) and (max-width: 767px){ \n#top #wrap_all .av-special-heading.av-3zsac3k-0e4ed82394aad3f543f08700da26f01c .av-special-heading-tag{\nfont-size:0.8em;\n}\n}\n\n@media only screen and (max-width: 479px){ \n#top #wrap_all .av-special-heading.av-3zsac3k-0e4ed82394aad3f543f08700da26f01c .av-special-heading-tag{\nfont-size:0.8em;\n}\n}\n<\/style>\n<div  class='av-special-heading av-3zsac3k-0e4ed82394aad3f543f08700da26f01c av-special-heading-h5 custom-color-heading blockquote modern-quote modern-centered  avia-builder-el-45  el_before_av_textblock  avia-builder-el-first  av-inherit-size'><h5 class='av-special-heading-tag '  itemprop=\"headline\"  >Questions?<\/h5><div class=\"special-heading-border\"><div class=\"special-heading-inner-border\"><\/div><\/div><\/div><br \/>\n\n<style type=\"text\/css\" data-created_by=\"avia_inline_auto\" id=\"style-css-av-zb8qbk0-5684cda2852429e60be641939663454b\">\n#top .av_textblock_section.av-zb8qbk0-5684cda2852429e60be641939663454b .avia_textblock{\nfont-size:18px;\ncolor:#ffffff;\n}\n<\/style>\n<section  class='av_textblock_section av-zb8qbk0-5684cda2852429e60be641939663454b '   itemscope=\"itemscope\" itemtype=\"https:\/\/schema.org\/BlogPosting\" itemprop=\"blogPost\" ><div class='avia_textblock av_inherit_color'  itemprop=\"text\" ><p style=\"text-align: center;\">We are happy to help!<\/p>\n<\/div><\/section><\/p><\/div>\n<style type=\"text\/css\" data-created_by=\"avia_inline_auto\" id=\"style-css-av-au2o00-f03be2a7359adcab315b08235d9565e0\">\n.flex_column.av-au2o00-f03be2a7359adcab315b08235d9565e0{\nborder-radius:0px 0px 0px 0px;\npadding:0px 0px 0px 0px;\n}\n<\/style>\n<div  class='flex_column av-au2o00-f03be2a7359adcab315b08235d9565e0 av_one_half  avia-builder-el-47  el_after_av_one_full  el_before_av_one_half  first flex_column_div av-zero-column-padding  column-top-margin'     ><style type=\"text\/css\" data-created_by=\"avia_inline_auto\" id=\"style-css-av-rbubgxs-15967dac60913505d9f25839729e6705\">\n.iconbox.av-rbubgxs-15967dac60913505d9f25839729e6705 .iconbox_icon{\nborder:1px solid #ffffff;\ncolor:#ffffff;\n}\n#top #wrap_all .iconbox.av-rbubgxs-15967dac60913505d9f25839729e6705 .iconbox_content_title{\ncolor:#ffffff;\n}\n.iconbox.av-rbubgxs-15967dac60913505d9f25839729e6705 .iconbox_content_container{\ncolor:#ffffff;\n}\n<\/style>\n<article  class='iconbox iconbox_top av-rbubgxs-15967dac60913505d9f25839729e6705 av-no-box  avia-builder-el-48  avia-builder-el-no-sibling '  itemscope=\"itemscope\" itemtype=\"https:\/\/schema.org\/BlogPosting\" itemprop=\"blogPost\" ><div class=\"iconbox_content\"><header class=\"entry-content-header\" aria-label=\"Icon: &lt;a href=&quot;mailto:info@stuwo.at&quot;&gt;info@stuwo.at&lt;\/a&gt;\"><div class=\"iconbox_icon heading-color\" aria-hidden='true' data-av_icon='\ue805' data-av_iconfont='entypo-fontello'><\/div><h3 class='iconbox_content_title '  itemprop=\"headline\" ><a href=\"mailto:info@stuwo.at\">info@stuwo.at<\/a><\/h3><\/header><div class='iconbox_content_container av_inherit_color'  itemprop=\"text\" ><\/div><\/div><footer class=\"entry-footer\"><\/footer><\/article><\/div>\n<style type=\"text\/css\" data-created_by=\"avia_inline_auto\" id=\"style-css-av-le2ifi8-be824e430daad544640706d42db050be\">\n.flex_column.av-le2ifi8-be824e430daad544640706d42db050be{\nborder-radius:0px 0px 0px 0px;\npadding:0px 0px 0px 0px;\n}\n<\/style>\n<div  class='flex_column av-le2ifi8-be824e430daad544640706d42db050be av_one_half  avia-builder-el-49  el_after_av_one_half  el_before_av_hr  flex_column_div av-zero-column-padding  column-top-margin'     ><style type=\"text\/css\" data-created_by=\"avia_inline_auto\" id=\"style-css-av-maz0pd1z-9ce4850171ea609964add05cf13ad177\">\n.iconbox.av-maz0pd1z-9ce4850171ea609964add05cf13ad177 .iconbox_icon{\nborder:1px solid #ffffff;\ncolor:#ffffff;\n}\n#top #wrap_all .iconbox.av-maz0pd1z-9ce4850171ea609964add05cf13ad177 .iconbox_content_title{\ncolor:#ffffff;\n}\n.iconbox.av-maz0pd1z-9ce4850171ea609964add05cf13ad177 .iconbox_content_container{\ncolor:#ffffff;\n}\n<\/style>\n<article  class='iconbox iconbox_top av-maz0pd1z-9ce4850171ea609964add05cf13ad177 av-no-box  avia-builder-el-50  avia-builder-el-no-sibling '  itemscope=\"itemscope\" itemtype=\"https:\/\/schema.org\/BlogPosting\" itemprop=\"blogPost\" ><div class=\"iconbox_content\"><header class=\"entry-content-header\" aria-label=\"Icon: &lt;a href=&quot;tel:+43140493618&quot;&gt;+43 1 40493 618&lt;\/a&gt;\"><div class=\"iconbox_icon heading-color\" aria-hidden='true' data-av_icon='\ue854' data-av_iconfont='entypo-fontello'><\/div><h3 class='iconbox_content_title '  itemprop=\"headline\" ><a href=\"tel:+43140493618\">+43 1 40493 618<\/a><\/h3><\/header><div class='iconbox_content_container av_inherit_color'  itemprop=\"text\" ><\/div><\/div><footer class=\"entry-footer\"><\/footer><\/article><\/div>\n<style type=\"text\/css\" data-created_by=\"avia_inline_auto\" id=\"style-css-av-i37k2tc-cb1a6be4c2239e65d44298d825b65960\">\n#top .hr.hr-invisible.av-i37k2tc-cb1a6be4c2239e65d44298d825b65960{\nheight:50px;\n}\n<\/style>\n<div  class='hr av-i37k2tc-cb1a6be4c2239e65d44298d825b65960 hr-invisible  avia-builder-el-51  el_after_av_one_half  el_before_av_one_full '><span class='hr-inner '><span class=\"hr-inner-style\"><\/span><\/span><\/div>\n\n<style type=\"text\/css\" data-created_by=\"avia_inline_auto\" id=\"style-css-av-bpocxvk-9bb8386920d42de5ae1bd6fe85cdbfe5\">\n.flex_column.av-bpocxvk-9bb8386920d42de5ae1bd6fe85cdbfe5{\nborder-radius:0px 0px 0px 0px;\npadding:0px 0px 0px 0px;\n}\n<\/style>\n<div  class='flex_column av-bpocxvk-9bb8386920d42de5ae1bd6fe85cdbfe5 av_one_full  avia-builder-el-52  el_after_av_hr  avia-builder-el-last  first flex_column_div av-zero-column-padding  '     ><div  class='avia-button-wrap av-7cs1lts-1eb5646a2ecf672a4505a5a8a7a9349e-wrap avia-button-center  avia-builder-el-53  avia-builder-el-no-sibling '>\n<style type=\"text\/css\" data-created_by=\"avia_inline_auto\" id=\"style-css-av-7cs1lts-1eb5646a2ecf672a4505a5a8a7a9349e\">\n#top #wrap_all .avia-button.av-7cs1lts-1eb5646a2ecf672a4505a5a8a7a9349e{\nbackground-color:#ff913d;\nborder-color:#ff913d;\ncolor:#ffffff;\ntransition:all 0.4s ease-in-out;\n}\n<\/style>\n<a href='https:\/\/www.stuwo.at\/en\/application\/'  class='avia-button av-7cs1lts-1eb5646a2ecf672a4505a5a8a7a9349e av-link-btn avia-icon_select-yes-right-icon avia-size-x-large avia-position-center av-icon-on-hover'   aria-label=\"Apply to STUWO now\"><span class='avia_iconbox_title' >Apply to STUWO now<\/span><span class='avia_button_icon avia_button_icon_right' aria-hidden='true' data-av_icon='\ue875' data-av_iconfont='entypo-fontello'><\/span><\/a><\/div><\/div><\/div><\/div><\/div><!-- close content main div --><\/div><\/div><\/div><div id='after_section_2'  class='main_color av_default_container_wrap container_wrap sidebar_right'  ><div class='container av-section-cont-open' ><div class='template-page content  av-content-small alpha units'><div class='post-entry post-entry-type-page post-entry-174671'><div class='entry-content-wrapper clearfix'>\n","protected":false},"excerpt":{"rendered":"","protected":false},"author":39,"featured_media":174658,"comment_status":"closed","ping_status":"closed","sticky":false,"template":"","format":"standard","meta":{"footnotes":""},"categories":[60],"tags":[],"class_list":["post-174671","post","type-post","status-publish","format-standard","has-post-thumbnail","hentry","category-student-life"],"yoast_head":"<!-- This site is optimized with the Yoast SEO plugin v24.4 - https:\/\/yoast.com\/wordpress\/plugins\/seo\/ -->\n<title>Pride Salzburg 2025: Everything about the Pride Festival Salzburg<\/title>\n<meta name=\"description\" content=\"Pride Salzburg is happening again this September! Get all the information on the Pride Festival Salzburg and other exciting details. \u25ba Get more infos now!\" \/>\n<meta name=\"robots\" content=\"index, follow, max-snippet:-1, max-image-preview:large, max-video-preview:-1\" \/>\n<link rel=\"canonical\" href=\"https:\/\/www.stuwo.at\/en\/blog\/pride-month-salzburg\/\" \/>\n<meta property=\"og:locale\" content=\"en_US\" \/>\n<meta property=\"og:type\" content=\"article\" \/>\n<meta property=\"og:title\" content=\"Pride Salzburg 2025: Everything about the Pride Festival Salzburg\" \/>\n<meta property=\"og:description\" content=\"Pride Salzburg is happening again this September! Get all the information on the Pride Festival Salzburg and other exciting details. \u25ba Get more infos now!\" \/>\n<meta property=\"og:url\" content=\"https:\/\/www.stuwo.at\/en\/blog\/pride-month-salzburg\/\" \/>\n<meta property=\"og:site_name\" content=\"STUWO\" \/>\n<meta property=\"article:publisher\" content=\"https:\/\/www.facebook.com\/stuwostudent\" \/>\n<meta property=\"article:published_time\" content=\"2025-05-22T08:00:08+00:00\" \/>\n<meta property=\"article:modified_time\" content=\"2026-04-22T11:43:30+00:00\" \/>\n<meta property=\"og:image\" content=\"https:\/\/www.stuwo.at\/wp-content\/uploads\/2025\/05\/csd-salzbug.jpg\" \/>\n\t<meta property=\"og:image:width\" content=\"1000\" \/>\n\t<meta property=\"og:image:height\" content=\"667\" \/>\n\t<meta property=\"og:image:type\" content=\"image\/jpeg\" \/>\n<meta name=\"author\" content=\"Helene Ausserw\u00f6ger\" \/>\n<meta name=\"twitter:card\" content=\"summary_large_image\" \/>\n<meta name=\"twitter:label1\" content=\"Written by\" \/>\n\t<meta name=\"twitter:data1\" content=\"Helene Ausserw\u00f6ger\" \/>\n\t<meta name=\"twitter:label2\" content=\"Est. reading time\" \/>\n\t<meta name=\"twitter:data2\" content=\"11 minutes\" \/>\n<!-- \/ Yoast SEO plugin. -->","yoast_head_json":{"title":"Pride Salzburg 2025: Everything about the Pride Festival Salzburg","description":"Pride Salzburg is happening again this September! Get all the information on the Pride Festival Salzburg and other exciting details. \u25ba Get more infos now!","robots":{"index":"index","follow":"follow","max-snippet":"max-snippet:-1","max-image-preview":"max-image-preview:large","max-video-preview":"max-video-preview:-1"},"canonical":"https:\/\/www.stuwo.at\/en\/blog\/pride-month-salzburg\/","og_locale":"en_US","og_type":"article","og_title":"Pride Salzburg 2025: Everything about the Pride Festival Salzburg","og_description":"Pride Salzburg is happening again this September! Get all the information on the Pride Festival Salzburg and other exciting details. \u25ba Get more infos now!","og_url":"https:\/\/www.stuwo.at\/en\/blog\/pride-month-salzburg\/","og_site_name":"STUWO","article_publisher":"https:\/\/www.facebook.com\/stuwostudent","article_published_time":"2025-05-22T08:00:08+00:00","article_modified_time":"2026-04-22T11:43:30+00:00","og_image":[{"width":1000,"height":667,"url":"https:\/\/www.stuwo.at\/wp-content\/uploads\/2025\/05\/csd-salzbug.jpg","type":"image\/jpeg"}],"author":"Helene Ausserw\u00f6ger","twitter_card":"summary_large_image","twitter_misc":{"Written by":"Helene Ausserw\u00f6ger","Est. reading time":"11 minutes"},"schema":{"@context":"https:\/\/schema.org","@graph":[{"@type":"WebPage","@id":"https:\/\/www.stuwo.at\/en\/blog\/pride-month-salzburg\/","url":"https:\/\/www.stuwo.at\/en\/blog\/pride-month-salzburg\/","name":"Pride Salzburg 2025: Everything about the Pride Festival Salzburg","isPartOf":{"@id":"https:\/\/www.stuwo.at\/en\/#website"},"primaryImageOfPage":{"@id":"https:\/\/www.stuwo.at\/en\/blog\/pride-month-salzburg\/#primaryimage"},"image":{"@id":"https:\/\/www.stuwo.at\/en\/blog\/pride-month-salzburg\/#primaryimage"},"thumbnailUrl":"https:\/\/www.stuwo.at\/wp-content\/uploads\/2025\/05\/csd-salzbug.jpg","datePublished":"2025-05-22T08:00:08+00:00","dateModified":"2026-04-22T11:43:30+00:00","author":{"@id":"https:\/\/www.stuwo.at\/en\/#\/schema\/person\/497dd51e651ab68948583a111a511b91"},"description":"Pride Salzburg is happening again this September! Get all the information on the Pride Festival Salzburg and other exciting details. \u25ba Get more infos now!","breadcrumb":{"@id":"https:\/\/www.stuwo.at\/en\/blog\/pride-month-salzburg\/#breadcrumb"},"inLanguage":"en-US","potentialAction":[{"@type":"ReadAction","target":["https:\/\/www.stuwo.at\/en\/blog\/pride-month-salzburg\/"]}]},{"@type":"ImageObject","inLanguage":"en-US","@id":"https:\/\/www.stuwo.at\/en\/blog\/pride-month-salzburg\/#primaryimage","url":"https:\/\/www.stuwo.at\/wp-content\/uploads\/2025\/05\/csd-salzbug.jpg","contentUrl":"https:\/\/www.stuwo.at\/wp-content\/uploads\/2025\/05\/csd-salzbug.jpg","width":1000,"height":667},{"@type":"BreadcrumbList","@id":"https:\/\/www.stuwo.at\/en\/blog\/pride-month-salzburg\/#breadcrumb","itemListElement":[{"@type":"ListItem","position":1,"name":"Startseite","item":"https:\/\/www.stuwo.at\/en\/homepage-stuwo\/"},{"@type":"ListItem","position":2,"name":"Pride Salzburg: The Pride Festival in Salzburg at a glance"}]},{"@type":"WebSite","@id":"https:\/\/www.stuwo.at\/en\/#website","url":"https:\/\/www.stuwo.at\/en\/","name":"STUWO","description":"Modern wohnen in Studentenheimen der STUWO","potentialAction":[{"@type":"SearchAction","target":{"@type":"EntryPoint","urlTemplate":"https:\/\/www.stuwo.at\/en\/?s={search_term_string}"},"query-input":{"@type":"PropertyValueSpecification","valueRequired":true,"valueName":"search_term_string"}}],"inLanguage":"en-US"},{"@type":"Person","@id":"https:\/\/www.stuwo.at\/en\/#\/schema\/person\/497dd51e651ab68948583a111a511b91","name":"Helene Ausserw\u00f6ger","description":"Helene studiert Englisch und Publizistik in Wien, liebt es, sich mit der Gitarre selbst beim Singen zu begleiten und verbringt sonnige Nachmittage am liebsten lesend im Belvedere. Am gl\u00fccklichsten ist sie aber beim Reisen und wenn sie f\u00fcr l\u00e4ngere Zeit im Ausland leben kann, wie bei ihren bisherigen Austauschen in Dublin und Valencia! Helene studies English and Communication in Vienna, loves accompanying herself on the guitar while singing, and enjoys spending sunny afternoons reading at the Belvedere. However, she\u2019s happiest when traveling or living abroad for an extended period, like during her previous exchanges in Dublin and Valencia!","url":"https:\/\/www.stuwo.at\/en\/blog\/author\/helene-ausserwoeger\/"}]}},"_links":{"self":[{"href":"https:\/\/www.stuwo.at\/en\/wp-json\/wp\/v2\/posts\/174671","targetHints":{"allow":["GET"]}}],"collection":[{"href":"https:\/\/www.stuwo.at\/en\/wp-json\/wp\/v2\/posts"}],"about":[{"href":"https:\/\/www.stuwo.at\/en\/wp-json\/wp\/v2\/types\/post"}],"author":[{"embeddable":true,"href":"https:\/\/www.stuwo.at\/en\/wp-json\/wp\/v2\/users\/39"}],"replies":[{"embeddable":true,"href":"https:\/\/www.stuwo.at\/en\/wp-json\/wp\/v2\/comments?post=174671"}],"version-history":[{"count":8,"href":"https:\/\/www.stuwo.at\/en\/wp-json\/wp\/v2\/posts\/174671\/revisions"}],"predecessor-version":[{"id":178856,"href":"https:\/\/www.stuwo.at\/en\/wp-json\/wp\/v2\/posts\/174671\/revisions\/178856"}],"wp:featuredmedia":[{"embeddable":true,"href":"https:\/\/www.stuwo.at\/en\/wp-json\/wp\/v2\/media\/174658"}],"wp:attachment":[{"href":"https:\/\/www.stuwo.at\/en\/wp-json\/wp\/v2\/media?parent=174671"}],"wp:term":[{"taxonomy":"category","embeddable":true,"href":"https:\/\/www.stuwo.at\/en\/wp-json\/wp\/v2\/categories?post=174671"},{"taxonomy":"post_tag","embeddable":true,"href":"https:\/\/www.stuwo.at\/en\/wp-json\/wp\/v2\/tags?post=174671"}],"curies":[{"name":"wp","href":"https:\/\/api.w.org\/{rel}","templated":true}]}}